{"id":16724,"date":"2023-05-12T00:16:46","date_gmt":"2023-05-12T04:16:46","guid":{"rendered":"https:\/\/www.notaoficial.com\/s\/?p=16724"},"modified":"2023-05-12T00:16:46","modified_gmt":"2023-05-12T04:16:46","slug":"alessandro-bazzoni-me-inclino-hacia-el-diseno-en-mi-estilo","status":"publish","type":"post","link":"https:\/\/www.notaoficial.com\/s\/2023\/05\/12\/alessandro-bazzoni-me-inclino-hacia-el-diseno-en-mi-estilo\/","title":{"rendered":"Alessandro Bazzoni: \u00abme inclino hacia el dise\u00f1o en mi estilo\u00bb"},"content":{"rendered":"<p>Por Alessandro Bazzoni<\/p>\n<p>Uno de los t\u00e9rminos de la moda quiz\u00e1s no tan conocido por muchos, pero si muy usado en la actualidad, es la palabra <b>upcycling,<\/b> que se atribuye a la reutilizaci\u00f3n creativa. Es la combinaci\u00f3n de dos palabras inglesas: <b>upgrade<\/b> (actualizar) y <b>recycling<\/b> (reciclar) e indica el acto de crear productos nuevos y de mayor valor a partir de materiales reciclados.<\/p>\n<p>En ese concepto enmarca el desarrollo de sus creaciones la dise\u00f1adora Mar\u00eda Lorena Anselmi, para su marca <a href=\"https:\/\/www.instagram.com\/p\/ClQlnsUOESs\/?utm_source=ig_web_copy_link\"><b>Makeda Life<\/b><\/a>, sobre lo cual destaca que \u201cm\u00e1s que crear una moda o seguir una determinada tendencia como tal, <b>me inclino hacia el dise\u00f1o en mi estilo propio,<\/b> con piezas \u00fanicas, que a la vez son adaptables al estilo y deseos de cada cliente\u201d, pero bajo un concepto de mayor valor ecol\u00f3gico y econ\u00f3mico.<\/p>\n<p>Otro t\u00e9rmino o concepto que caracteriza sus dise\u00f1os es el <b>Slow Fashion<\/b>, que anima a la creaci\u00f3n y el consumo de piezas de forma pausada, sostenible, sin prisas, centrada en la calidad, no en la cantidad, contraria al <b>Fast Fashion<\/b> o moda r\u00e1pida para satisfacer la demanda constante y cambiante del mercado.<\/p>\n<p>Por Alessandro Bazzoni<\/p>\n<p>Anselmi procura mantener sus dise\u00f1os en lo personalizado y atemporal, utilizando <b>t\u00e9cnicas vanguardistas<\/b>, con las que promueve nuevos valores y concepciones de belleza, para renovar el arte del dise\u00f1o, que es lo que disfruta, porque considera que desarrollar los <b>outfits<\/b> o atuendos no tiene que ver solo con el aspecto f\u00edsico, sino con mantenerse fiel a quien se es, a la verdadera personalidad. De all\u00ed que desarrolla <b>vers\u00e1tiles dise\u00f1os<\/b>, que se adaptan con facilidad y rapidez a diversas funciones o requerimientos, plenos de ese <b>Charm<\/b> o encanto que gusta a sus clientes.<\/p>\n<p><b>Entre arte y est\u00e9tica<\/b><\/p>\n<p>Para lograr enganchar con sus clientes Anselmi sabe determinar cu\u00e1l es ese <b>Must Have<\/b> o prenda que todo el mundo \u201cdebe tener\u201d, por eso predominan en su colecci\u00f3n las <b>piezas b\u00e1sicas<\/b>, esas que perduran por un tiempo indefinido y que son combinables al momento de vestir, bajo un concepto Aesthetic o est\u00e9tica, que es usar prendas en conjunto que entre s\u00ed tengan un aspecto armonioso, cada una de ellas con un giro diferente por sus cortes y texturas.<\/p>\n<p>En su <b>Atelier <\/b>o taller de trabajo, la joven dise\u00f1adora deja volar su imaginaci\u00f3n y conocimiento, dos caracter\u00edsticas esenciales en un dise\u00f1ador, refiere que \u201cmi mayor fortaleza en mi profesi\u00f3n es la constante curiosidad, soy curios\u00edsima veo y leo libros de inter\u00e9s, me encanta leer sobre dise\u00f1o de interiores, observ\u00f3 colores y estilos, as\u00ed me mantengo siempre investigando para mis pr\u00f3ximas <b>propuestas vanguardistas<\/b>\u201d, en las que incluye prendas, con dise\u00f1os que no solo son atemporales sino de libre utilizaci\u00f3n para cualquier g\u00e9nero.<\/p>\n<p>Por Alessandro Bazzoni<\/p>\n<p>Su inspiraci\u00f3n la conduce hacia lo <b>eco-friendly <\/b>o moda sostenible, que es la elaboraci\u00f3n de piezas que se producen de manera responsable, teniendo en cuenta su impacto en el medio ambiente y en la sociedad. Por lo cual se inclina por lo <b>Vintage<\/b>, tendencia que pretende recuperar lo antiguo, pero bajo el concepto de Anselmi de darle nueva vida, y nuevo uso a las prendas.<\/p>\n<p>La dise\u00f1adora elabora minuciosamente prendas reflejadas en capas sobre capas que semejan envolturas, \u201cpara envolver los cuerpos\u201d, debido a su inclinaci\u00f3n por el <b>Furoshiki,<\/b> t\u00e9cnica milenaria japonesa utilizada para envolver regalos de forma sostenible, utilizando tejidos reutilizables como la seda, el poli\u00e9ster o el algod\u00f3n, lo que genera volumen en sus creaciones, las cuales tambi\u00e9n son <b>estructuradas<\/b>, y con muchos <b>\u00e1ngulos y l\u00edneas<\/b>, detalles que responden a su concepto de <b>arquitectura de la moda<\/b>, para realizar prendas muy originales, que adem\u00e1s pueden ser personalizadas a gusto de los clientes.<\/p>\n<p>Para mayor informaci\u00f3n pueden visitar la red Instagram y seguir la cuenta @makeda_life.<\/p>\n<p>Por Alessandro Bazzoni<\/p>\n","protected":false},"excerpt":{"rendered":"<p>Por Alessandro Bazzoni Uno de los t\u00e9rminos de la moda quiz\u00e1s no tan conocido por muchos, pero si muy usado en la actualidad, es la palabra upcycling, que se atribuye a la reutilizaci\u00f3n creativa. Es la combinaci\u00f3n de dos palabras inglesas: upgrade (actualizar) y recycling (reciclar) e indica el acto de crear productos nuevos y [&hellip;]<\/p>\n","protected":false},"author":2,"featured_media":16725,"comment_status":"closed","ping_status":"open","sticky":false,"template":"","format":"standard","meta":[],"categories":[93,463,146,2],"tags":[8606,9934],"wppr_data":{"cwp_meta_box_check":"No"},"_links":{"self":[{"href":"https:\/\/www.notaoficial.com\/s\/wp-json\/wp\/v2\/posts\/16724"}],"collection":[{"href":"https:\/\/www.notaoficial.com\/s\/wp-json\/wp\/v2\/posts"}],"about":[{"href":"https:\/\/www.notaoficial.com\/s\/wp-json\/wp\/v2\/types\/post"}],"author":[{"embeddable":true,"href":"https:\/\/www.notaoficial.com\/s\/wp-json\/wp\/v2\/users\/2"}],"replies":[{"embeddable":true,"href":"https:\/\/www.notaoficial.com\/s\/wp-json\/wp\/v2\/comments?post=16724"}],"version-history":[{"count":1,"href":"https:\/\/www.notaoficial.com\/s\/wp-json\/wp\/v2\/posts\/16724\/revisions"}],"predecessor-version":[{"id":16726,"href":"https:\/\/www.notaoficial.com\/s\/wp-json\/wp\/v2\/posts\/16724\/revisions\/16726"}],"wp:featuredmedia":[{"embeddable":true,"href":"https:\/\/www.notaoficial.com\/s\/wp-json\/wp\/v2\/media\/16725"}],"wp:attachment":[{"href":"https:\/\/www.notaoficial.com\/s\/wp-json\/wp\/v2\/media?parent=16724"}],"wp:term":[{"taxonomy":"category","embeddable":true,"href":"https:\/\/www.notaoficial.com\/s\/wp-json\/wp\/v2\/categories?post=16724"},{"taxonomy":"post_tag","embeddable":true,"href":"https:\/\/www.notaoficial.com\/s\/wp-json\/wp\/v2\/tags?post=16724"}],"curies":[{"name":"wp","href":"https:\/\/api.w.org\/{rel}","templated":true}]}}