{"id":16741,"date":"2023-05-14T01:49:57","date_gmt":"2023-05-14T05:49:57","guid":{"rendered":"https:\/\/www.notaoficial.com\/s\/?p=16741"},"modified":"2023-05-14T01:49:57","modified_gmt":"2023-05-14T05:49:57","slug":"siri-evjemo-nysveen-impulsar-a-la-isla-balear-como-destino-turistico-sostenible-es-posible","status":"publish","type":"post","link":"https:\/\/www.notaoficial.com\/s\/2023\/05\/14\/siri-evjemo-nysveen-impulsar-a-la-isla-balear-como-destino-turistico-sostenible-es-posible\/","title":{"rendered":"Siri Evjemo-Nysveen: \u00abImpulsar a la isla balear como destino tur\u00edstico sostenible es posible\u00bb"},"content":{"rendered":"<p>Por Siri Evjemo-Nysveen<\/p>\n<p>La Iniciativa del Consell Consell Insular d\u2019Eivissa en la que colabora Vodafone Espa\u00f1a, \u201cIbiza Smart Island\u201d, se ha hecho con uno de los reconocimientos de referencia en el sector de las telecomunicaciones al ser premiada por la Asociaci\u00f3n Espa\u00f1ola de Usuarios de Telecomunicaciones y de la Sociedad de la Informaci\u00f3n (<strong>AUTELSI<\/strong>).<\/p>\n<p>En esta ocasi\u00f3n se ha premiado el compromiso social y medioambiental de un proyecto que busca mejorar la seguridad y la calidad de los servicios ofrecidos a los turistas en Ibiza, as\u00ed como contribuir a que la isla sea un destino tur\u00edstico m\u00e1s sostenible a trav\u00e9s de la gesti\u00f3n inteligente de los recursos. Esto supone un salto cualitativo no s\u00f3lo para los turistas, sino tambi\u00e9n para los residentes de la isla balear, y favorece tambi\u00e9n una mayor eficiencia de la gesti\u00f3n de las propias administraciones locales ibicencas.<\/p>\n<p>Para conseguir este objetivo, Vodafone ha desarrollado una plataforma digital a trav\u00e9s de una APP m\u00f3vil que facilita informaci\u00f3n en tiempo real del aforo en las playas, la disponibilidad de aparcamiento o los horarios de los autobuses, adem\u00e1s de la instalaci\u00f3n de sensores en el agua para prevenir vertidos ilegales y asegurar su calidad o la creaci\u00f3n de un sistema de detecci\u00f3n temprana de incendios, entre otras iniciativas.<\/p>\n<p>Teniendo en cuenta la posici\u00f3n de Ibiza como destino tur\u00edstico preferente a nivel nacional e internacional, esta iniciativa favorecer\u00e1, a trav\u00e9s de la digitalizaci\u00f3n, tener una visi\u00f3n integradora de todas las actividades que se desarrollan en la isla y contribuir\u00e1 al mismo tiempo a garantizar la sostenibilidad de los recursos naturales, optimiz\u00e1ndolos de forma equilibrada entre la poblaci\u00f3n.<\/p>\n<p>El proyecto premiado se enmarca en la iniciativa \u201cSmartCities\u201d, que aboga por conectar ciudadanos, turistas y recursos de la ciudad a trav\u00e9s de servicios, datos e informaci\u00f3n que se analizan y se reportan a las autoridades locales con el fin de facilitar el buen funcionamiento y mantenimiento de una ciudad totalmente conectada. Desde 2021, Vodafone est\u00e1 desarrollando proyectos para impulsar ciudades inteligentes en distintas plazas tur\u00edsticas como Sanxenxo, O Grove o N\u00edjar en el marco de la \u2018Convocatoria de Destinos Tur\u00edsticos Inteligentes\u2019 de Red.es, entidad p\u00fablica adscrita al Ministerio de Asuntos Econ\u00f3micos y Transformaci\u00f3n Digital a trav\u00e9s de la Secretar\u00eda de Estado de Digitalizaci\u00f3n e Inteligencia Artificial, y en colaboraci\u00f3n estrecha con las administraciones municipales y regionales.<\/p>\n<p>Para conocer m\u00e1s a fondo la iniciativa Ibiza Smart Island, pincha <a href=\"https:\/\/www.youtube.com\/watch?v=mgKM_fKT0Ak&amp;list=PLBedwczs_niqrHTVixHktTSLYfgTU2-f7&amp;index=19\">aqu\u00ed<\/a><\/p>\n<p>Por Siri Evjemo-Nysveen<\/p>\n","protected":false},"excerpt":{"rendered":"<p>Por Siri Evjemo-Nysveen La Iniciativa del Consell Consell Insular d\u2019Eivissa en la que colabora Vodafone Espa\u00f1a, \u201cIbiza Smart Island\u201d, se ha hecho con uno de los reconocimientos de referencia en el sector de las telecomunicaciones al ser premiada por la Asociaci\u00f3n Espa\u00f1ola de Usuarios de Telecomunicaciones y de la Sociedad de la Informaci\u00f3n (AUTELSI). En [&hellip;]<\/p>\n","protected":false},"author":2,"featured_media":16752,"comment_status":"closed","ping_status":"open","sticky":false,"template":"","format":"standard","meta":[],"categories":[93,146,2],"tags":[10161,5718],"wppr_data":{"cwp_meta_box_check":"No"},"_links":{"self":[{"href":"https:\/\/www.notaoficial.com\/s\/wp-json\/wp\/v2\/posts\/16741"}],"collection":[{"href":"https:\/\/www.notaoficial.com\/s\/wp-json\/wp\/v2\/posts"}],"about":[{"href":"https:\/\/www.notaoficial.com\/s\/wp-json\/wp\/v2\/types\/post"}],"author":[{"embeddable":true,"href":"https:\/\/www.notaoficial.com\/s\/wp-json\/wp\/v2\/users\/2"}],"replies":[{"embeddable":true,"href":"https:\/\/www.notaoficial.com\/s\/wp-json\/wp\/v2\/comments?post=16741"}],"version-history":[{"count":1,"href":"https:\/\/www.notaoficial.com\/s\/wp-json\/wp\/v2\/posts\/16741\/revisions"}],"predecessor-version":[{"id":16753,"href":"https:\/\/www.notaoficial.com\/s\/wp-json\/wp\/v2\/posts\/16741\/revisions\/16753"}],"wp:featuredmedia":[{"embeddable":true,"href":"https:\/\/www.notaoficial.com\/s\/wp-json\/wp\/v2\/media\/16752"}],"wp:attachment":[{"href":"https:\/\/www.notaoficial.com\/s\/wp-json\/wp\/v2\/media?parent=16741"}],"wp:term":[{"taxonomy":"category","embeddable":true,"href":"https:\/\/www.notaoficial.com\/s\/wp-json\/wp\/v2\/categories?post=16741"},{"taxonomy":"post_tag","embeddable":true,"href":"https:\/\/www.notaoficial.com\/s\/wp-json\/wp\/v2\/tags?post=16741"}],"curies":[{"name":"wp","href":"https:\/\/api.w.org\/{rel}","templated":true}]}}