{"id":16874,"date":"2023-05-21T23:56:52","date_gmt":"2023-05-22T03:56:52","guid":{"rendered":"https:\/\/www.notaoficial.com\/s\/?p=16874"},"modified":"2023-05-21T23:56:52","modified_gmt":"2023-05-22T03:56:52","slug":"sabias-que-la-luna-es-de-fresa","status":"publish","type":"post","link":"https:\/\/www.notaoficial.com\/s\/2023\/05\/21\/sabias-que-la-luna-es-de-fresa\/","title":{"rendered":"\u00bfSab\u00edas que la luna es de fresa?"},"content":{"rendered":"<div><strong>\u00a1La luna es de fresa!<\/strong><\/div>\n<div>\nNo, no arrugues el ce\u00f1o. Te estoy viendo, .<\/div>\n<div>\n\u00a1La luna llena del <strong>03 de junio<\/strong> ser\u00e1 de fresa en el <strong>Cala Botanic Sanctuary<\/strong>, y t\u00fa<br \/>\n, deber\u00edas estar all\u00ed para verla!<\/div>\n<div>\nBajo el encanto de una noche m\u00e1gica, en la que contaremos con la presencia de<br \/>\nUn experto en astrolog\u00eda, queremos que el ombligo del 2023 est\u00e9 lleno de gratitud y<br \/>\nenerg\u00edas renovadas, para ir a por todos los objetivos que tienes a mitad de camino, o<br \/>\nque simplemente a\u00fan no te has animado a iniciar.<\/div>\n<div>\nBajo el calor de la noche, queremos que vivas una experiencia especial en la que el<br \/>\npoder de la gratitud, la danza, la meditaci\u00f3n y la astrolog\u00eda se combinan para crear<br \/>\nuna noche inigualable, en donde conectar\u00e1s con tu esencia, liberar\u00e1s estr\u00e9s,<br \/>\naprender\u00e1s sobre el significado de este evento lunar, y tambi\u00e9n,<br \/>\npodr\u00e1s conocer a otras personas que tengan la misma curiosidad que t\u00fa.<\/div>\n<div>\nHaz <a href=\"https:\/\/lt.mydplr.com\/f162a1e1403287d589e28ee19e45d018-11965bb54bdf876baa24a71170af20c8\" target=\"_blank\" rel=\"noopener\" data-saferedirecturl=\"https:\/\/www.google.com\/url?q=https:\/\/lt.mydplr.com\/f162a1e1403287d589e28ee19e45d018-11965bb54bdf876baa24a71170af20c8&amp;source=gmail&amp;ust=1684813718022000&amp;usg=AOvVaw3mZq4F-PNMWjmQVozeePjf\">clic en este enlace<\/a>, y prep\u00e1rate para saborear la <strong>Luna de Fresa<\/strong>.<\/div>\n<div>\nMucha luz<\/div>\n","protected":false},"excerpt":{"rendered":"<p>\u00a1La luna es de fresa! No, no arrugues el ce\u00f1o. Te estoy viendo, . \u00a1La luna llena del 03 de junio ser\u00e1 de fresa en el Cala Botanic Sanctuary, y t\u00fa , deber\u00edas estar all\u00ed para verla! Bajo el encanto de una noche m\u00e1gica, en la que contaremos con la presencia de Un experto en [&hellip;]<\/p>\n","protected":false},"author":2,"featured_media":16875,"comment_status":"closed","ping_status":"open","sticky":false,"template":"","format":"standard","meta":[],"categories":[93,146,2],"tags":[10144,10147],"wppr_data":{"cwp_meta_box_check":"No"},"_links":{"self":[{"href":"https:\/\/www.notaoficial.com\/s\/wp-json\/wp\/v2\/posts\/16874"}],"collection":[{"href":"https:\/\/www.notaoficial.com\/s\/wp-json\/wp\/v2\/posts"}],"about":[{"href":"https:\/\/www.notaoficial.com\/s\/wp-json\/wp\/v2\/types\/post"}],"author":[{"embeddable":true,"href":"https:\/\/www.notaoficial.com\/s\/wp-json\/wp\/v2\/users\/2"}],"replies":[{"embeddable":true,"href":"https:\/\/www.notaoficial.com\/s\/wp-json\/wp\/v2\/comments?post=16874"}],"version-history":[{"count":1,"href":"https:\/\/www.notaoficial.com\/s\/wp-json\/wp\/v2\/posts\/16874\/revisions"}],"predecessor-version":[{"id":16876,"href":"https:\/\/www.notaoficial.com\/s\/wp-json\/wp\/v2\/posts\/16874\/revisions\/16876"}],"wp:featuredmedia":[{"embeddable":true,"href":"https:\/\/www.notaoficial.com\/s\/wp-json\/wp\/v2\/media\/16875"}],"wp:attachment":[{"href":"https:\/\/www.notaoficial.com\/s\/wp-json\/wp\/v2\/media?parent=16874"}],"wp:term":[{"taxonomy":"category","embeddable":true,"href":"https:\/\/www.notaoficial.com\/s\/wp-json\/wp\/v2\/categories?post=16874"},{"taxonomy":"post_tag","embeddable":true,"href":"https:\/\/www.notaoficial.com\/s\/wp-json\/wp\/v2\/tags?post=16874"}],"curies":[{"name":"wp","href":"https:\/\/api.w.org\/{rel}","templated":true}]}}