{"id":16905,"date":"2023-05-24T00:04:47","date_gmt":"2023-05-24T04:04:47","guid":{"rendered":"https:\/\/www.notaoficial.com\/s\/?p=16905"},"modified":"2023-05-24T00:04:47","modified_gmt":"2023-05-24T04:04:47","slug":"este-es-tu-llamado-despierta-tu-espiritu","status":"publish","type":"post","link":"https:\/\/www.notaoficial.com\/s\/2023\/05\/24\/este-es-tu-llamado-despierta-tu-espiritu\/","title":{"rendered":"Este es tu llamado. Despierta tu esp\u00edritu."},"content":{"rendered":"<div>Despert\u00e9 hoy con la prosa en los labios y con la inspiraci\u00f3n del viaje con el que llevo varias noches so\u00f1ando.<\/div>\n<div>\nTe dedico unas cortas palabras.<\/div>\n<div>\nEn el horizonte se alza un destino,<\/div>\n<div>\ndonde tu esencia florecer\u00e1.<\/div>\n<div>\nDeja atr\u00e1s las cadenas que te atan,<\/div>\n<div>\nabre las alas y comienza a volar.<\/div>\n<div>\nDescubre el poder que en ti reside,<\/div>\n<div>\ny despierta tu ser, sin miedo a fluir.<\/div>\n<div>\nEn Bali, la magia est\u00e1 en cada rinc\u00f3n,<\/div>\n<div>\nen cada brisa, en cada canci\u00f3n.<\/div>\n<div>\nLa naturaleza te susurra al o\u00eddo,<\/div>\n<div>\ninvit\u00e1ndote a soltar y crecer, sin olvido.<\/div>\n<div>\nAbrazo la transformaci\u00f3n en este viaje,<\/div>\n<div>\ndonde mi verdadero ser se hace mensaje.<\/div>\n<div>\nDescubro la serenidad,<\/div>\n<div>\ny libero mi poder con autenticidad.<\/div>\n<div><\/div>\n<div>En este viaje, encuentro equilibrio,<\/div>\n<div>\nuna conexi\u00f3n profunda, un despertar genuino.<\/div>\n<div>\nNo hay l\u00edmites para mi potencial,<\/div>\n<div>\nMe permito brillar, soy excepcional.<\/p>\n<p>El avi\u00f3n espera, ansioso por despegar,<\/p><\/div>\n<div>\naborda y permite que nuestras almas vibren al bailar.<\/div>\n<div>\nLa experiencia aguarda,<\/div>\n<div>\nllena de misterio,<\/div>\n<div>\ndescubramos la grandeza de nuestro propio imperio.<\/div>\n<div>\nSi estas palabras resonaron contigo no dudes en enviarme tu respuesta y por favor, si algo en t\u00ed siente tanta emoci\u00f3n como yo haz click aqu\u00ed y conoce m\u00e1s sobre BALI.<\/div>\n<div>\nCon amor y anhelo de verte volar<\/div>\n","protected":false},"excerpt":{"rendered":"<p>Despert\u00e9 hoy con la prosa en los labios y con la inspiraci\u00f3n del viaje con el que llevo varias noches so\u00f1ando. Te dedico unas cortas palabras. En el horizonte se alza un destino, donde tu esencia florecer\u00e1. Deja atr\u00e1s las cadenas que te atan, abre las alas y comienza a volar. Descubre el poder que [&hellip;]<\/p>\n","protected":false},"author":2,"featured_media":16906,"comment_status":"closed","ping_status":"open","sticky":false,"template":"","format":"standard","meta":[],"categories":[93,463,146,2],"tags":[10144,10147],"wppr_data":{"cwp_meta_box_check":"No"},"_links":{"self":[{"href":"https:\/\/www.notaoficial.com\/s\/wp-json\/wp\/v2\/posts\/16905"}],"collection":[{"href":"https:\/\/www.notaoficial.com\/s\/wp-json\/wp\/v2\/posts"}],"about":[{"href":"https:\/\/www.notaoficial.com\/s\/wp-json\/wp\/v2\/types\/post"}],"author":[{"embeddable":true,"href":"https:\/\/www.notaoficial.com\/s\/wp-json\/wp\/v2\/users\/2"}],"replies":[{"embeddable":true,"href":"https:\/\/www.notaoficial.com\/s\/wp-json\/wp\/v2\/comments?post=16905"}],"version-history":[{"count":1,"href":"https:\/\/www.notaoficial.com\/s\/wp-json\/wp\/v2\/posts\/16905\/revisions"}],"predecessor-version":[{"id":16907,"href":"https:\/\/www.notaoficial.com\/s\/wp-json\/wp\/v2\/posts\/16905\/revisions\/16907"}],"wp:featuredmedia":[{"embeddable":true,"href":"https:\/\/www.notaoficial.com\/s\/wp-json\/wp\/v2\/media\/16906"}],"wp:attachment":[{"href":"https:\/\/www.notaoficial.com\/s\/wp-json\/wp\/v2\/media?parent=16905"}],"wp:term":[{"taxonomy":"category","embeddable":true,"href":"https:\/\/www.notaoficial.com\/s\/wp-json\/wp\/v2\/categories?post=16905"},{"taxonomy":"post_tag","embeddable":true,"href":"https:\/\/www.notaoficial.com\/s\/wp-json\/wp\/v2\/tags?post=16905"}],"curies":[{"name":"wp","href":"https:\/\/api.w.org\/{rel}","templated":true}]}}