{"id":16930,"date":"2023-05-26T09:09:11","date_gmt":"2023-05-26T13:09:11","guid":{"rendered":"https:\/\/www.notaoficial.com\/s\/?p=16930"},"modified":"2023-05-26T09:09:11","modified_gmt":"2023-05-26T13:09:11","slug":"el-alfa-el-jefe-firma-acuerdo-de-shows-con-loud-and-live","status":"publish","type":"post","link":"https:\/\/www.notaoficial.com\/s\/2023\/05\/26\/el-alfa-el-jefe-firma-acuerdo-de-shows-con-loud-and-live\/","title":{"rendered":"El Alfa \u00abEl Jefe\u00bb firma acuerdo de shows con Loud and Live"},"content":{"rendered":"<p>El reconocido artista <b>El Alfa \u00abEl Jefe\u00bb (@elalfaeljefe)<\/b>, se complace en anunciar la firma de un acuerdo de shows con <b>Loud and Live<\/b>, una destacada compa\u00f1\u00eda de entretenimiento. Esta colaboraci\u00f3n llevar\u00e1 a cabo 20 emocionantes presentaciones en vivo en distintos puntos de Estados Unidos, donde El Alfa \u00abEl Jefe\u00bb exhibir\u00e1 su distintivo carisma y su car\u00e1cter extrovertido, conectando con sus fan\u00e1ticos en todo el territorio estadounidense.<\/p>\n<p>Conocido por su cautivadora presencia en el escenario, El Alfa \u00abEl Jefe\u00bb se compromete a brindar actuaciones electrizantes que dejan una impresi\u00f3n duradera. A trav\u00e9s de esta colaboraci\u00f3n con Loud and Live, busca crear experiencias inolvidables y establecer una conexi\u00f3n m\u00e1s profunda con su fiel base de seguidores.<\/p>\n<p>El acuerdo implica una significativa inversi\u00f3n financiera, subrayando la confianza mutua en el \u00e9xito de estos shows. Esto destaca la gran demanda y expectaci\u00f3n por las actuaciones de El Alfa \u00abEl Jefe\u00bb, consolidando su posici\u00f3n como una figura influyente en la industria de la m\u00fasica.<\/p>\n<p>Loud and Live se encargar\u00e1 de la organizaci\u00f3n y promoci\u00f3n de los shows, asegurando una ejecuci\u00f3n impecable que supere las expectativas de los fan\u00e1ticos. Est\u00e9n atentos para futuros anuncios sobre las fechas y los lugares de la gira, permitiendo a los seguidores en todo Estados Unidos asegurar sus entradas para este esperado tour.<span style=\"color: #888888;\"><br \/>\n<\/span><\/p>\n","protected":false},"excerpt":{"rendered":"<p>El reconocido artista El Alfa \u00abEl Jefe\u00bb (@elalfaeljefe), se complace en anunciar la firma de un acuerdo de shows con Loud and Live, una destacada compa\u00f1\u00eda de entretenimiento. Esta colaboraci\u00f3n llevar\u00e1 a cabo 20 emocionantes presentaciones en vivo en distintos puntos de Estados Unidos, donde El Alfa \u00abEl Jefe\u00bb exhibir\u00e1 su distintivo carisma y su [&hellip;]<\/p>\n","protected":false},"author":2,"featured_media":16931,"comment_status":"closed","ping_status":"open","sticky":false,"template":"","format":"standard","meta":[],"categories":[93,463,146,2],"tags":[10195,381],"wppr_data":{"cwp_meta_box_check":"No"},"_links":{"self":[{"href":"https:\/\/www.notaoficial.com\/s\/wp-json\/wp\/v2\/posts\/16930"}],"collection":[{"href":"https:\/\/www.notaoficial.com\/s\/wp-json\/wp\/v2\/posts"}],"about":[{"href":"https:\/\/www.notaoficial.com\/s\/wp-json\/wp\/v2\/types\/post"}],"author":[{"embeddable":true,"href":"https:\/\/www.notaoficial.com\/s\/wp-json\/wp\/v2\/users\/2"}],"replies":[{"embeddable":true,"href":"https:\/\/www.notaoficial.com\/s\/wp-json\/wp\/v2\/comments?post=16930"}],"version-history":[{"count":1,"href":"https:\/\/www.notaoficial.com\/s\/wp-json\/wp\/v2\/posts\/16930\/revisions"}],"predecessor-version":[{"id":16932,"href":"https:\/\/www.notaoficial.com\/s\/wp-json\/wp\/v2\/posts\/16930\/revisions\/16932"}],"wp:featuredmedia":[{"embeddable":true,"href":"https:\/\/www.notaoficial.com\/s\/wp-json\/wp\/v2\/media\/16931"}],"wp:attachment":[{"href":"https:\/\/www.notaoficial.com\/s\/wp-json\/wp\/v2\/media?parent=16930"}],"wp:term":[{"taxonomy":"category","embeddable":true,"href":"https:\/\/www.notaoficial.com\/s\/wp-json\/wp\/v2\/categories?post=16930"},{"taxonomy":"post_tag","embeddable":true,"href":"https:\/\/www.notaoficial.com\/s\/wp-json\/wp\/v2\/tags?post=16930"}],"curies":[{"name":"wp","href":"https:\/\/api.w.org\/{rel}","templated":true}]}}