{"id":16933,"date":"2023-05-26T09:13:25","date_gmt":"2023-05-26T13:13:25","guid":{"rendered":"https:\/\/www.notaoficial.com\/s\/?p=16933"},"modified":"2023-05-26T09:13:25","modified_gmt":"2023-05-26T13:13:25","slug":"alessandro-bazzoni-realizar-actividades-con-nuestros-productos","status":"publish","type":"post","link":"https:\/\/www.notaoficial.com\/s\/2023\/05\/26\/alessandro-bazzoni-realizar-actividades-con-nuestros-productos\/","title":{"rendered":"Alessandro Bazzoni: \u00abrealizar actividades con nuestros productos\u00bb"},"content":{"rendered":"<p>Alessandro Bazzoni<\/p>\n<p>Las madres carabobe\u00f1as encender\u00e1n los carbones el pr\u00f3ximo s\u00e1bado 27 de mayo, en la primera academia para mam\u00e1s organizada por La Montserratina, donde las participantes <b>tendr\u00e1n la oportunidad de adentrarse en el mundo de sabores de La Montserratina<\/b>.<\/p>\n<p>Con esta iniciativa la marca busca continuar innovando en distintas partes del territorio nacional, llegando as\u00ed hasta todos sus consumidores.<\/p>\n<p>La gerente de Mercadeo de <a href=\"http:\/\/www.montserratina.com\/\">La Montserratina<\/a>, Ver\u00f3nica Maduro, indic\u00f3 que esta actividad tiene como objetivo \u201crealizar actividades con nuestros productos, <b>con la mejor actitud y con la visi\u00f3n de siempre ser los artesanos del sabor, en cualquier parte del pa\u00eds<\/b>\u201d.<\/p>\n<p>Ser\u00e1 la primera academia parrillera de La Montserratina fuera de la capital, y se llevar\u00e1 a cabo en el restaurante Fog\u00f3n Food &amp; Drink, ubicado en Valencia, estado Carabobo. Al respecto, Ver\u00f3nica Maduro coment\u00f3 que \u201c<b>tenemos una gran confianza en nuestros consumidores valencianos,<\/b> y sabemos que ellos van a saber reconocer la trascendencia de este gran evento de la marca\u201d.<\/p>\n<p>Alessandro Bazzoni<\/p>\n<p>Atentos siempre a responder a las inquietudes de sus clientes y consumidores, los maestros parrilleros <b>culminan con esta actividad la celebraci\u00f3n del mes de la Madre.<\/b><\/p>\n<p><b>Experiencia de sabores<\/b><\/p>\n<p>La meta de esta academia es que las mam\u00e1s aprendan sobre las diferentes formas de preparar y explotar al m\u00e1ximo el sabor de los <b>productos parrilleros, madurados y ahumados<\/b><b>,<\/b> de excelente calidad de La Montserratina. Asimismo, <b>podr\u00e1n degustar todo lo que preparen al momento<\/b> y disfrutar de otras din\u00e1micas sorpresas que ocurrir\u00e1n ese d\u00eda.<\/p>\n<p><b>El costo de las entradas es de $10 y se podr\u00e1n adquirir a trav\u00e9s de Instagram<\/b>, enviando un mensaje por DM, donde se invitar\u00e1 a la persona a seguirlos en WhatsApp, desde all\u00ed se realizar\u00e1 la compra y se har\u00e1 la entrega de la entrada por v\u00eda digital.<\/p>\n<p>Si se quiere conocer m\u00e1s sobre la gama de productos que ofrece La Montserratina, puede encontrar informaci\u00f3n adicional en Instagram, Twitter y Facebook como @lamontserratina.<\/p>\n<p>Alessandro Bazzoni<\/p>\n","protected":false},"excerpt":{"rendered":"<p>Alessandro Bazzoni Las madres carabobe\u00f1as encender\u00e1n los carbones el pr\u00f3ximo s\u00e1bado 27 de mayo, en la primera academia para mam\u00e1s organizada por La Montserratina, donde las participantes tendr\u00e1n la oportunidad de adentrarse en el mundo de sabores de La Montserratina. Con esta iniciativa la marca busca continuar innovando en distintas partes del territorio nacional, llegando [&hellip;]<\/p>\n","protected":false},"author":2,"featured_media":16934,"comment_status":"closed","ping_status":"open","sticky":false,"template":"","format":"standard","meta":[],"categories":[93,146,2],"tags":[8606,3525],"wppr_data":{"cwp_meta_box_check":"No"},"_links":{"self":[{"href":"https:\/\/www.notaoficial.com\/s\/wp-json\/wp\/v2\/posts\/16933"}],"collection":[{"href":"https:\/\/www.notaoficial.com\/s\/wp-json\/wp\/v2\/posts"}],"about":[{"href":"https:\/\/www.notaoficial.com\/s\/wp-json\/wp\/v2\/types\/post"}],"author":[{"embeddable":true,"href":"https:\/\/www.notaoficial.com\/s\/wp-json\/wp\/v2\/users\/2"}],"replies":[{"embeddable":true,"href":"https:\/\/www.notaoficial.com\/s\/wp-json\/wp\/v2\/comments?post=16933"}],"version-history":[{"count":2,"href":"https:\/\/www.notaoficial.com\/s\/wp-json\/wp\/v2\/posts\/16933\/revisions"}],"predecessor-version":[{"id":16936,"href":"https:\/\/www.notaoficial.com\/s\/wp-json\/wp\/v2\/posts\/16933\/revisions\/16936"}],"wp:featuredmedia":[{"embeddable":true,"href":"https:\/\/www.notaoficial.com\/s\/wp-json\/wp\/v2\/media\/16934"}],"wp:attachment":[{"href":"https:\/\/www.notaoficial.com\/s\/wp-json\/wp\/v2\/media?parent=16933"}],"wp:term":[{"taxonomy":"category","embeddable":true,"href":"https:\/\/www.notaoficial.com\/s\/wp-json\/wp\/v2\/categories?post=16933"},{"taxonomy":"post_tag","embeddable":true,"href":"https:\/\/www.notaoficial.com\/s\/wp-json\/wp\/v2\/tags?post=16933"}],"curies":[{"name":"wp","href":"https:\/\/api.w.org\/{rel}","templated":true}]}}