{"id":17015,"date":"2023-06-01T00:10:10","date_gmt":"2023-06-01T04:10:10","guid":{"rendered":"https:\/\/www.notaoficial.com\/s\/?p=17015"},"modified":"2023-06-01T00:10:10","modified_gmt":"2023-06-01T04:10:10","slug":"mayeli-alonso-revela-en-sientese-quien-pueda","status":"publish","type":"post","link":"https:\/\/www.notaoficial.com\/s\/2023\/06\/01\/mayeli-alonso-revela-en-sientese-quien-pueda\/","title":{"rendered":"Mayeli Alonso revela en \u00a1Si\u00e9ntese Quien Pueda!"},"content":{"rendered":"<p>La famosa empresaria e influencer\u00a0<strong>Mayeli Alonso<\/strong>, quien es la invitada especial de la semana\u00a0en el programa\u00a0<strong><a href=\"https:\/\/facebook.us15.list-manage.com\/track\/click?u=d29e05f3cb957969a97f7b89e&amp;id=76fd701411&amp;e=48ce6451b1\" target=\"_blank\" rel=\"noopener\" data-saferedirecturl=\"https:\/\/www.google.com\/url?q=https:\/\/facebook.us15.list-manage.com\/track\/click?u%3Dd29e05f3cb957969a97f7b89e%26id%3D76fd701411%26e%3D48ce6451b1&amp;source=gmail&amp;ust=1685678901883000&amp;usg=AOvVaw11WHRdeDEXu47-B2z_D59o\">\u00a1Si\u00e9ntese Quien Pueda!<\/a><\/strong>\u00a0de la cadena <strong>Univision<\/strong>, se sincera\u00a0al revelar detalles de su infancia, nunca antes dicho.<\/p>\n<p>En medio de un\u00a0debate con los panelistas del programa sobre una pol\u00e9mica ley aprobada por el\u00a0Gobernador del Estado de Mato Grosso\u00a0do\u00a0Sul\u00a0de Brasil, para que los ni\u00f1os y ni\u00f1as que sufren &#8216;bullying&#8217; en las escuelas sean\u00a0sometidos\u00a0a cirug\u00edas est\u00e9ticas gratuitas en la red p\u00fablica de salud, la <strong>exesposa de Lupillo\u00a0Rivera<\/strong>, expres\u00f3 que ella naci\u00f3 con una malformaci\u00f3n, y que ve bien las cirug\u00edas est\u00e9ticas, mientras\u00a0mejore la\u00a0salud y el bienestar emocional de la persona.<\/p>\n<p>Alonso tambi\u00e9n dijo que sus padres la llevaron hacerse una cirug\u00eda a tiempo, y eso evit\u00f3\u00a0que le hicieran &#8216;bullying&#8217;\u00a0en su infancia y adolescencia: <em>\u00abYo nac\u00ed\u00a0con un ojo m\u00e1s peque\u00f1o que el otro. Gracias a Dios mis padres ten\u00edan dinero para operarme a los 3 a\u00f1os, si no toda mi vida me hubieran hecho\u00a0bullying\u00bb.<\/em><\/p>\n<p>La confesi\u00f3n\u00a0de Mayeli\u00a0cobra\u00a0fuerza luego de que artistas internacionales se han dejado ver al natural, mostrando que ellas tambi\u00e9n han tenido\u00a0problemas y defectos f\u00edsicos, destacando que lo importante es quererse y aceptarse.<\/p>\n<p>Para ver las declaraciones completas, favor de visitar el canal de <a href=\"https:\/\/facebook.us15.list-manage.com\/track\/click?u=d29e05f3cb957969a97f7b89e&amp;id=aaffe1270e&amp;e=48ce6451b1\" target=\"_blank\" rel=\"noopener\" data-saferedirecturl=\"https:\/\/www.google.com\/url?q=https:\/\/facebook.us15.list-manage.com\/track\/click?u%3Dd29e05f3cb957969a97f7b89e%26id%3Daaffe1270e%26e%3D48ce6451b1&amp;source=gmail&amp;ust=1685678901883000&amp;usg=AOvVaw3uxrDd5-TMJyRFBOx3QGUB\">YouTube<\/a> del programa\u00a0<a href=\"https:\/\/facebook.us15.list-manage.com\/track\/click?u=d29e05f3cb957969a97f7b89e&amp;id=12e66c999c&amp;e=48ce6451b1\" target=\"_blank\" rel=\"noopener\" data-saferedirecturl=\"https:\/\/www.google.com\/url?q=https:\/\/facebook.us15.list-manage.com\/track\/click?u%3Dd29e05f3cb957969a97f7b89e%26id%3D12e66c999c%26e%3D48ce6451b1&amp;source=gmail&amp;ust=1685678901883000&amp;usg=AOvVaw1l12d-yV7UdZBaZ2lVUQng\">https:\/\/youtu.be\/<wbr \/>0lQ8Q2cUrIc<\/a><\/p>\n<p><u><strong>Sobre\u00a0\u00a1Si\u00e9ntese Quien Pueda!<\/strong><\/u><\/p>\n<p><strong><a href=\"https:\/\/facebook.us15.list-manage.com\/track\/click?u=d29e05f3cb957969a97f7b89e&amp;id=d7db841c24&amp;e=48ce6451b1\" target=\"_blank\" rel=\"noopener\" data-saferedirecturl=\"https:\/\/www.google.com\/url?q=https:\/\/facebook.us15.list-manage.com\/track\/click?u%3Dd29e05f3cb957969a97f7b89e%26id%3Dd7db841c24%26e%3D48ce6451b1&amp;source=gmail&amp;ust=1685678901883000&amp;usg=AOvVaw3iETt2299UgHnBPgeopc7i\">\u00a1Si\u00e9ntese Quien Pueda!<\/a><\/strong>,\u00a0es un\u00a0su novedoso y original formato que est\u00e1 rompiendo barreras, dando\u00a0un giro al mundo de los espect\u00e1culos, convirti\u00e9ndose en referente para otros shows de entretenimiento. Se transmite en Estados Unidos por\u00a0<strong>Univision <\/strong>de<strong> lunes a viernes\u00a0<\/strong>a la<strong>\u00a01:00 PM\u00a0\/ 12c<\/strong><\/p>\n<p>Durante una hora, el\u00a0programa de entretenimiento que conduce\u00a0<a href=\"https:\/\/facebook.us15.list-manage.com\/track\/click?u=d29e05f3cb957969a97f7b89e&amp;id=7a0c1e5d5a&amp;e=48ce6451b1\" target=\"_blank\" rel=\"noopener\" data-saferedirecturl=\"https:\/\/www.google.com\/url?q=https:\/\/facebook.us15.list-manage.com\/track\/click?u%3Dd29e05f3cb957969a97f7b89e%26id%3D7a0c1e5d5a%26e%3D48ce6451b1&amp;source=gmail&amp;ust=1685678901883000&amp;usg=AOvVaw32kfomeX6WwgMSdaFEobKa\"><strong>Juli\u00e1n Gil<\/strong><\/a>, junto a\u00a0sus\u00a0panelistas debatir\u00e1n\u00a0sobre temas de actualidad, con opiniones cargadas de informaci\u00f3n y detalles originados en acciones o declaraciones de famosos. Tendr\u00e1n\u00a0entrevistas exclusivas con primeras figuras de la industria del entretenimiento.\u00a0Adem\u00e1s, el show cuenta\u00a0con invitados especiales semanales.<\/p>\n<p><strong>\u00a1Si\u00e9ntese Quien Pueda!<\/strong>,<strong>\u00a0<\/strong>por\u00a0<strong>Univision<\/strong>, la cadena hispana n\u00famero uno de Estados Unidos, sigue\u00a0con la diversi\u00f3n y espontaneidad que los caracteriza. Siendo\u00a0el \u00fanico Reality de panelistas de la televisi\u00f3n que compiten entre s\u00ed,\u00a0<strong>Kerly Ruiz, Karla G\u00f3mez, Vanessa Arias, \u00c1lex Rodr\u00edguez, Lucho Borrego, Alejandra Jaramillo y Catalina Mora<\/strong>, presentado por<strong> Gil.<\/strong><\/p>\n<p>Una de las caracter\u00edsticas distintivas de la emisi\u00f3n, es que a trav\u00e9s de su sitio oficial\u00a0<a dir=\"auto\" href=\"https:\/\/facebook.us15.list-manage.com\/track\/click?u=d29e05f3cb957969a97f7b89e&amp;id=e4eaa29dd3&amp;e=48ce6451b1\" target=\"_blank\" rel=\"nofollow noopener\" data-saferedirecturl=\"https:\/\/www.google.com\/url?q=https:\/\/facebook.us15.list-manage.com\/track\/click?u%3Dd29e05f3cb957969a97f7b89e%26id%3De4eaa29dd3%26e%3D48ce6451b1&amp;source=gmail&amp;ust=1685678901883000&amp;usg=AOvVaw2wSwpRhbTcvbB26A9FmAQQ\">https:\/\/<wbr \/>sientesequienpueda.com\/<\/a>\u00a0el p\u00fablico puede votar a favor de su panelista favorito, y as\u00ed dejar claro qu\u00e9 reportaje\u00a0cont\u00f3 con el apoyo de la audiencia.<\/p>\n<p>El programa es\u00a0producido para\u00a0<strong>TelevisaUnivision<\/strong><strong>\u00a0<\/strong>por\u00a0<a href=\"https:\/\/facebook.us15.list-manage.com\/track\/click?u=d29e05f3cb957969a97f7b89e&amp;id=a4319663b7&amp;e=48ce6451b1\" target=\"_blank\" rel=\"noopener\" data-saferedirecturl=\"https:\/\/www.google.com\/url?q=https:\/\/facebook.us15.list-manage.com\/track\/click?u%3Dd29e05f3cb957969a97f7b89e%26id%3Da4319663b7%26e%3D48ce6451b1&amp;source=gmail&amp;ust=1685678901883000&amp;usg=AOvVaw2fHlqMbBBu4Hu9N_Cd29dk\">We Love Entertainment<\/a>, la casa productora de\u00a0<a href=\"https:\/\/facebook.us15.list-manage.com\/track\/click?u=d29e05f3cb957969a97f7b89e&amp;id=ed134785b6&amp;e=48ce6451b1\" target=\"_blank\" rel=\"noopener\" data-saferedirecturl=\"https:\/\/www.google.com\/url?q=https:\/\/facebook.us15.list-manage.com\/track\/click?u%3Dd29e05f3cb957969a97f7b89e%26id%3Ded134785b6%26e%3D48ce6451b1&amp;source=gmail&amp;ust=1685678901883000&amp;usg=AOvVaw0lkyOsz1lpj3-ef7HL27V-\">Carlos Mesber<\/a>.<\/p>\n","protected":false},"excerpt":{"rendered":"<p>La famosa empresaria e influencer\u00a0Mayeli Alonso, quien es la invitada especial de la semana\u00a0en el programa\u00a0\u00a1Si\u00e9ntese Quien Pueda!\u00a0de la cadena Univision, se sincera\u00a0al revelar detalles de su infancia, nunca antes dicho. En medio de un\u00a0debate con los panelistas del programa sobre una pol\u00e9mica ley aprobada por el\u00a0Gobernador del Estado de Mato Grosso\u00a0do\u00a0Sul\u00a0de Brasil, para que [&hellip;]<\/p>\n","protected":false},"author":2,"featured_media":17016,"comment_status":"closed","ping_status":"open","sticky":false,"template":"","format":"standard","meta":[],"categories":[93,463,146],"tags":[5082,390],"wppr_data":{"cwp_meta_box_check":"No"},"_links":{"self":[{"href":"https:\/\/www.notaoficial.com\/s\/wp-json\/wp\/v2\/posts\/17015"}],"collection":[{"href":"https:\/\/www.notaoficial.com\/s\/wp-json\/wp\/v2\/posts"}],"about":[{"href":"https:\/\/www.notaoficial.com\/s\/wp-json\/wp\/v2\/types\/post"}],"author":[{"embeddable":true,"href":"https:\/\/www.notaoficial.com\/s\/wp-json\/wp\/v2\/users\/2"}],"replies":[{"embeddable":true,"href":"https:\/\/www.notaoficial.com\/s\/wp-json\/wp\/v2\/comments?post=17015"}],"version-history":[{"count":1,"href":"https:\/\/www.notaoficial.com\/s\/wp-json\/wp\/v2\/posts\/17015\/revisions"}],"predecessor-version":[{"id":17017,"href":"https:\/\/www.notaoficial.com\/s\/wp-json\/wp\/v2\/posts\/17015\/revisions\/17017"}],"wp:featuredmedia":[{"embeddable":true,"href":"https:\/\/www.notaoficial.com\/s\/wp-json\/wp\/v2\/media\/17016"}],"wp:attachment":[{"href":"https:\/\/www.notaoficial.com\/s\/wp-json\/wp\/v2\/media?parent=17015"}],"wp:term":[{"taxonomy":"category","embeddable":true,"href":"https:\/\/www.notaoficial.com\/s\/wp-json\/wp\/v2\/categories?post=17015"},{"taxonomy":"post_tag","embeddable":true,"href":"https:\/\/www.notaoficial.com\/s\/wp-json\/wp\/v2\/tags?post=17015"}],"curies":[{"name":"wp","href":"https:\/\/api.w.org\/{rel}","templated":true}]}}