{"id":17187,"date":"2023-06-12T00:21:15","date_gmt":"2023-06-12T04:21:15","guid":{"rendered":"https:\/\/www.notaoficial.com\/s\/?p=17187"},"modified":"2023-06-12T00:21:15","modified_gmt":"2023-06-12T04:21:15","slug":"manifesto-terricola-del-artista-espanol-soliman","status":"publish","type":"post","link":"https:\/\/www.notaoficial.com\/s\/2023\/06\/12\/manifesto-terricola-del-artista-espanol-soliman\/","title":{"rendered":"Manifesto Terr\u00edcola del artista espa\u00f1ol Solim\u00e1n"},"content":{"rendered":"<p>Lorenzo Bazzoni<\/p>\n<p>El 16 de junio de 2023 a las 11:00 a.m., ser\u00e1 inaugurada la exposici\u00f3n <strong>\u201cManifesto Terr\u00edcola\u201d <\/strong>del artista espa\u00f1ol Solim\u00e1n L\u00f3pez, en las salas de Arte Digital y sala Experimental del Centro Cultural UCAB, en el marco de la octava sesi\u00f3n del seminario internacional Next, que lleva el mismo t\u00edtulo de la exposici\u00f3n, y que se realizar\u00e1 el 14 de junio de 2023 a las 10:00 a.m. (hora Venezuela) y 4:00 p.m. (hora Europa), en la Mega Sala Digital Movistar, ubicada en Los Palos Grandes.<\/p>\n<p>La octava sesi\u00f3n del seminario internacional Next ser\u00e1 presentada por el Centro de Investigaci\u00f3n y Formaci\u00f3n Human\u00edstica y Fundaci\u00f3n Telef\u00f3nica, en alianza con el Centro Cultural UCAB, la Embajada de Espa\u00f1a en Venezuela y el Centro Venezolano Americano, y contar\u00e1 con la participaci\u00f3n de Solim\u00e1n L\u00f3pez (artista\/Espa\u00f1a), Jos\u00e9 Ram\u00f3n Alcal\u00e1 (catedr\u00e1tico Bellas Artes\/Espa\u00f1a), Victor Krebs (fil\u00f3sofo\/ Pontificia Universidad Cat\u00f3lica del Per\u00fa), Lorena Rojas Parma (fil\u00f3sofo\/ Universidad Cat\u00f3lica Andr\u00e9s Bello, Venezuela) y Humberto Valdivieso (semi\u00f3logo-curador\/ Universidad Cat\u00f3lica Andr\u00e9s Bello, Venezuela).<\/p>\n<p>Durante este encuentro se disertar\u00e1 sobre el impacto de las tecnolog\u00edas digitales en la producci\u00f3n de conocimiento, la difusi\u00f3n de mensajes a trav\u00e9s de las redes, las estrategias corporativas globales, las pol\u00edticas p\u00fablicas, los modos de entretenimiento y el posible tr\u00e1nsito hacia un futuro post y transhumano.<\/p>\n<p>Lorenzo Bazzoni<\/p>\n<p>Por otro lado, la muestra expositiva del artista espa\u00f1ol Solim\u00e1n L\u00f3pez, se presentar\u00e1 simult\u00e1neamente en la sala de Arte Digital y en la sala Experimental del Centro Cultural UCAB, desde el 16 de junio hasta finales de julio de 2023, bajo la curadur\u00eda de Humberto Valdivieso, y exhibir\u00e1 el resultado del proyecto de investigaci\u00f3n que el artista lleva a\u00f1os desarrollando sobre las relaciones conceptuales entre arte, ciencia, tecnolog\u00eda, biolog\u00eda y sociedad.<\/p>\n<p>El texto consiste en una mirada cr\u00edtica sobre la posici\u00f3n del artista contempor\u00e1neo frente al contexto actual de la humanidad. El manifesto se articula en 4 bloques de contenido que hablan sobre la relaci\u00f3n entre la fe y la ciencia, el transhumanismo, la transici\u00f3n ecol\u00f3gica y la humanidad representada por el arte.<\/p>\n<p>\u201cEste proyecto pensado por L\u00f3pez se trata de un documento art\u00edstico que muestra el estado actual de la humanidad en distintos \u00e1mbitos: econom\u00eda, \u00e9tica, psicolog\u00eda, geopol\u00edtica, medio ambiente y el arte, entre otros. Su soporte es una materialidad particular pues est\u00e1 almacenado en ADN y encapsulado en una oreja 3D biodegradable producida para su conservaci\u00f3n en la Isla de Svalbard, en el \u00c1rtico. Lo cual, abre la posibilidad de tener discos duros masivos de informaci\u00f3n digital almacenada en ADN en los ecosistemas glaciares. Por lo tanto, es un manifiesto art\u00edstico que se comporta a la vez como una obra, un texto de intenciones y una herramienta cient\u00edfica\u201d, seg\u00fan afirma Humberto Valdivieso.<\/p>\n<p>Por otra parte, el Manifesto, texto art\u00edstico y obra de arte al mismo tiempo, pretende entrar en la historia del arte por su forma y contenido. Por su forma alude a aquellas obras simb\u00f3licas de nuestros libros de arte como la famosa oreja de Van Gogh, la de Stelarc o las obras de Joe Davis con orejas de ratones. La oreja de Solim\u00e1n L\u00f3pez pretende no contar una historia personal (el modelo original de la oreja no ha sido desvelado de a qui\u00e9n pertenece) sino que alude a historias colectivas, ya que seg\u00fan el artista: \u201cen la era del fake y la IA empoderada, cualquier historia personal es posible, lo dif\u00edcil es crear historias colectivas, aquellas que nos cambian y aluden a todos. Mi obra no habla de m\u00ed en primera persona, si no de nosotros.\u201d<\/p>\n<p>Lorenzo Bazzoni<\/p>\n<p>Nacido en Burgos, Espa\u00f1a, en 1981, Solim\u00e1n L\u00f3pez es un artista contempor\u00e1neo especializado en arte, ciencia, biotecnolog\u00eda, sociolog\u00eda y tecnolog\u00eda. Fundador del Harddiskmuseum, biocriptomoneda OLEA, entidades digitales basadas en ADN Introns y director de Innovaci\u00f3n en ESAT (Escuela Superior de Arte y Tecnolog\u00eda de Valencia, Espa\u00f1a). Su pr\u00e1ctica art\u00edstica conceptual incluye trabajo con inteligencia artificial, biotecnolog\u00eda y ADN, electr\u00f3nica, interactivo y 3D. Desde el a\u00f1o 2005, su producci\u00f3n ha sido exhibida internacionalmente en eventos, centros de arte y museos en Alemania, Francia, Rusia, Corea del Sur, Espa\u00f1a, Colombia, Estados Unidos, Cuba, y Pakist\u00e1n, entre muchos otros pa\u00edses. Su trabajo como investigador en nuevos medios ha sido compartido en varias universidades como la UFSM en Brasil, la Universidad Carlos III de Madrid, el Campus de Google en Madrid, la UPV en Valencia, la Universidad de Cuenca, la Universidad Nacional de C\u00f3rdoba en Argentina, entre otras. Entre sus proyectos m\u00e1s recientes est\u00e1 el desarrollo de DAI, un documento de identidad construido por una inteligencia artificial, que da lugar a un nuevo imaginario de la cultura, la sociedad y la humanidad en el siglo XXI.<\/p>\n<p>@culturaucab<\/p>\n<p><a href=\"http:\/\/centrocultural.ucab.edu.ve\" data-saferedirecturl=\"https:\/\/www.google.com\/url?q=http:\/\/centrocultural.ucab.edu.ve&amp;source=gmail&amp;ust=1686629062599000&amp;usg=AOvVaw2SgDgLd9K-wbPqrQlKAgk2\">centrocultural.ucab.edu.ve<\/a><\/p>\n<p><a href=\"mailto:centrocultural@ucab.edu.ve\">centrocultural@ucab.edu.ve<\/a><\/p>\n<p>@solimanlopez<\/p>\n<p><a href=\"http:\/\/solimanlopez.com\" data-saferedirecturl=\"https:\/\/www.google.com\/url?q=http:\/\/solimanlopez.com&amp;source=gmail&amp;ust=1686629062599000&amp;usg=AOvVaw0NwN8qNfarmco6qeAw7lc1\">solimanlopez.com<\/a><\/p>\n<p>Lorenzo Bazzoni<\/p>\n","protected":false},"excerpt":{"rendered":"<p>Lorenzo Bazzoni El 16 de junio de 2023 a las 11:00 a.m., ser\u00e1 inaugurada la exposici\u00f3n \u201cManifesto Terr\u00edcola\u201d del artista espa\u00f1ol Solim\u00e1n L\u00f3pez, en las salas de Arte Digital y sala Experimental del Centro Cultural UCAB, en el marco de la octava sesi\u00f3n del seminario internacional Next, que lleva el mismo t\u00edtulo de la exposici\u00f3n, [&hellip;]<\/p>\n","protected":false},"author":2,"featured_media":17188,"comment_status":"closed","ping_status":"open","sticky":false,"template":"","format":"standard","meta":[],"categories":[93,146,2],"tags":[1371,10175],"wppr_data":{"cwp_meta_box_check":"No"},"_links":{"self":[{"href":"https:\/\/www.notaoficial.com\/s\/wp-json\/wp\/v2\/posts\/17187"}],"collection":[{"href":"https:\/\/www.notaoficial.com\/s\/wp-json\/wp\/v2\/posts"}],"about":[{"href":"https:\/\/www.notaoficial.com\/s\/wp-json\/wp\/v2\/types\/post"}],"author":[{"embeddable":true,"href":"https:\/\/www.notaoficial.com\/s\/wp-json\/wp\/v2\/users\/2"}],"replies":[{"embeddable":true,"href":"https:\/\/www.notaoficial.com\/s\/wp-json\/wp\/v2\/comments?post=17187"}],"version-history":[{"count":2,"href":"https:\/\/www.notaoficial.com\/s\/wp-json\/wp\/v2\/posts\/17187\/revisions"}],"predecessor-version":[{"id":17190,"href":"https:\/\/www.notaoficial.com\/s\/wp-json\/wp\/v2\/posts\/17187\/revisions\/17190"}],"wp:featuredmedia":[{"embeddable":true,"href":"https:\/\/www.notaoficial.com\/s\/wp-json\/wp\/v2\/media\/17188"}],"wp:attachment":[{"href":"https:\/\/www.notaoficial.com\/s\/wp-json\/wp\/v2\/media?parent=17187"}],"wp:term":[{"taxonomy":"category","embeddable":true,"href":"https:\/\/www.notaoficial.com\/s\/wp-json\/wp\/v2\/categories?post=17187"},{"taxonomy":"post_tag","embeddable":true,"href":"https:\/\/www.notaoficial.com\/s\/wp-json\/wp\/v2\/tags?post=17187"}],"curies":[{"name":"wp","href":"https:\/\/api.w.org\/{rel}","templated":true}]}}