{"id":17507,"date":"2023-07-05T23:45:23","date_gmt":"2023-07-06T03:45:23","guid":{"rendered":"https:\/\/www.notaoficial.com\/s\/?p=17507"},"modified":"2023-07-05T23:45:52","modified_gmt":"2023-07-06T03:45:52","slug":"ensamble-gurrufio-en-concierto","status":"publish","type":"post","link":"https:\/\/www.notaoficial.com\/s\/2023\/07\/05\/ensamble-gurrufio-en-concierto\/","title":{"rendered":"Ensamble Gurruf\u00edo en concierto"},"content":{"rendered":"<p>Francisco D&#8217;Agostino<\/p>\n<p>La m\u00fasica venezolana resonar\u00e1 en los Espacios Abiertos del Centro Cultural BOD el pr\u00f3ximo domingo 9 de julio, a las 11.30 a.m., cuando tres grandes referentes de la tradici\u00f3n popular del pa\u00eds: Ensamble Gurruf\u00edo, Betsayda Machado y Francisco Pacheco, se unan en un concierto irrepetible en homenaje al maestro de la pl\u00e1stica Jes\u00fas Soto (Ciudad Bol\u00edvar,1923 &#8211; Par\u00eds, 2005).\u00a0La entrada es libre y abierta a todo p\u00fablico.<\/p>\n<p>Esta actividad forma parte del ciclo\u00a0<strong><em>Jes\u00fas Soto: Una celebraci\u00f3n musical<\/em><\/strong>, concebido por la Fundaci\u00f3n Jes\u00fas Soto -con el auspicio de Envases Mundial, la Embajada de Francia, El Sistema, Oz Shows e\u00a0Imagen RGB\u00a0y el apoyo del Teatro Teresa Carre\u00f1o, Grupo Ori\u00f3n, Galer\u00eda Arte al Cubo y el Centro Cultural BOD-, para iniciar el a\u00f1o conmemorativo\u00a0del centenario del natalicio de Soto con una de sus mayores pasiones: la m\u00fasica.<\/p>\n<p>Y es que \u201cEl genio del movimiento\u201d no es solo uno de los principales representantes del arte cin\u00e9tico en el mundo, sino que tambi\u00e9n fue un destacado guitarrista, instrumento que lo acompa\u00f1\u00f3 toda su vida y que como ejecutante profesional le permiti\u00f3 costear sus primeros a\u00f1os de estancia en Francia.<\/p>\n<p>Francisco D&#8217;Agostino<\/p>\n<p>\u201cPara honrar esa pasi\u00f3n, junto con la programaci\u00f3n expositiva que mostrar\u00e1 su obra en diversas ciudades del mundo y de Venezuela, proyectamos diversas actividades especiales que tienen la m\u00fasica como centro.\u00a0<strong><em>Una celebraci\u00f3n musical<\/em>\u00a0<\/strong>comienza en Caracas, ciudad que alberga algunas de sus obras monumentales m\u00e1s importantes: La ic\u00f3nica\u00a0<em>Esfera<\/em>, en la autopista Gran Cacique Guaicaipuro; el\u00a0<em>Volumen Virtual Suspendido<\/em>, en el Cubo Negro, los\u00a0<em>Cubos Virtuales Blancos sobre Progresi\u00f3n amarilla<\/em>\u00a0y los\u00a0<em>Cubos Vibrantes sobre progresi\u00f3n blanca y negra<\/em>, en el Teatro Teresa Carre\u00f1o, y el\u00a0<em>Ovoide y Extensi\u00f3n Suspendida<\/em>, en el Centro de Acci\u00f3n Social por la M\u00fasica\u201d, dice Isabelle Soto, hija del artista y presidenta de la Fundaci\u00f3n Jes\u00fas Soto.<\/p>\n<p>Cabe destacar que este ciclo -que ha conjugado m\u00fasica, danza y pl\u00e1stica en espacios como el Teatro Teresa Carre\u00f1o, en cuyas terrazas el\u00a0 21 de junio se present\u00f3 el Ensamble de Metales de Venezuela, y el Centro Banaven, donde un numeroso p\u00fablico disfrut\u00f3 de la actuaci\u00f3n de la Sim\u00f3n Bol\u00edvar Big Band Jazz, destacadas agrupaciones de El Sistema-;\u00a0comenz\u00f3 antes, el propio d\u00eda del cumplea\u00f1os del genio:\u00a0el 5 de junio, con el estreno en redes sociales de un video tributo grabado por el Ensamble Gurruf\u00edo\u00a0junto a la \u201c<em>Esfera Caracas<\/em>\u201d, espacio que diariamente acompa\u00f1a el tr\u00e1nsito vehicular citadino.<\/p>\n<p>La ma\u00f1ana de este domingo 9 de julio, en el cuarto\u00a0evento del ciclo, se podr\u00e1 disfrutar de grandes composiciones y piezas que siempre cultiv\u00f3 Jes\u00fas Soto, desde el reconocido virtuosismo de Ensamble Gurruf\u00edo, una de las agrupaciones venezolanas de mayor trayectoria internacional, siendo desde hace casi cuatro d\u00e9cadas referencia mundial de las nuevas sonoridades de la\u00a0m\u00fasica instrumental de ra\u00edz tradicional, a la cual sus integrantes: Cheo Hurtado, David Pe\u00f1a y Luis Julio Toro, han aportado su conocimiento de lo popular, elementos contempor\u00e1neos y un estilo que es su sello y que la convierten en una vers\u00e1til propuesta popular-acad\u00e9mica.<\/p>\n<p>Francisco D&#8217;Agostino<\/p>\n<p>Con la participaci\u00f3n especial de la destacada maraquera Mar\u00eda Jos\u00e9 Castej\u00f3n, el grupo har\u00e1 sentir la riqueza r\u00edtmica y mel\u00f3dica de su variado repertorio, caracterizado por arreglos que explotan, exploran y reinterpretan los elementos universales de los g\u00e9neros musicales del pa\u00eds.<\/p>\n<p>Largo ha sido el camino transitado por Ensamble Gurruf\u00edo, grupo que -gestado en el intenso ambiente art\u00edstico de la Caracas de mediados de los ochenta y con Crist\u00f3bal Soto, hijo del maestro como uno de sus fundadores-; se fue transformando en plural y colectivo cimiento del patrimonio sonoro de Venezuela.<\/p>\n<p>Con catorce producciones discogr\u00e1ficas, once Discos de Oro e innumerables reconocimientos nacionales e internacionales, el\u00a0ensamble\u00a0venezolano se ha presentado en m\u00e1s de cien pa\u00edses, destacando, entre muchos otros, sus recitales en el Carnegie Hall, de Nueva York, en el Barbican Centre, de Londres o en el Opera Hall de El Cairo.<\/p>\n<p>El p\u00fablico que asista al concierto tambi\u00e9n podr\u00e1 disfrutar de la exposici\u00f3n <strong><em>Jes\u00fas Soto: Inmateriales<\/em><\/strong>, inaugurada el lunes 3 de julio en la sala de Exposiciones del Centro Cultural BOD, con la curadur\u00eda de Ariel Jim\u00e9nez.<\/p>\n<p>Para conocer sobre las distintas actividades programadas en el Centenario de Jes\u00fas Soto, tanto en Venezuela como en otros pa\u00edses, la invitaci\u00f3n es seguir la cuenta de Instagram\u00a0<a href=\"https:\/\/us16.mailchimp.com\/mctx\/clicks?url=https%3A%2F%2Fus16.mailchimp.com%2Fmctx%2Fclicks%3Furl%3Dhttps%253A%252F%252Fwww.instagram.com%252Fjesussoto.centenario%252F%26xid%3D10c6bcfeb8%26uid%3D79394242%26iid%3D10116180%26pool%3Dtemplate_test%26v%3D2%26c%3D1687714455%26h%3De68382b1d46d53e938196b4c8c8ed43f747906ef5d76091e3b3a094a023545cd&amp;xid=db4394658c&amp;uid=79394242&amp;iid=10116208&amp;pool=template_test&amp;v=2&amp;c=1688581090&amp;h=bc25c05f16a329c60909370beacc315448e245acd9ced4ecf340d99a94a34a0e\" target=\"_blank\" rel=\"noopener\" data-saferedirecturl=\"https:\/\/www.google.com\/url?q=https:\/\/us16.mailchimp.com\/mctx\/clicks?url%3Dhttps%253A%252F%252Fus16.mailchimp.com%252Fmctx%252Fclicks%253Furl%253Dhttps%25253A%25252F%25252Fwww.instagram.com%25252Fjesussoto.centenario%25252F%2526xid%253D10c6bcfeb8%2526uid%253D79394242%2526iid%253D10116180%2526pool%253Dtemplate_test%2526v%253D2%2526c%253D1687714455%2526h%253De68382b1d46d53e938196b4c8c8ed43f747906ef5d76091e3b3a094a023545cd%26xid%3Ddb4394658c%26uid%3D79394242%26iid%3D10116208%26pool%3Dtemplate_test%26v%3D2%26c%3D1688581090%26h%3Dbc25c05f16a329c60909370beacc315448e245acd9ced4ecf340d99a94a34a0e&amp;source=gmail&amp;ust=1688701393400000&amp;usg=AOvVaw0P8g0sOl8TfmMVG3IEtadF\">@jesussoto.<wbr \/>centenario<\/a>\u00a0y visitar el sitio de la Fundaci\u00f3n Soto\u00a0<a href=\"https:\/\/us16.mailchimp.com\/mctx\/clicks?url=http%3A%2F%2Fwww.jesus-soto.com%2F&amp;xid=db4394658c&amp;uid=79394242&amp;iid=10116208&amp;pool=template_test&amp;v=2&amp;c=1688581090&amp;h=613647b87a785e351090ad225fd5f12d04ebf4bc1266c615223bf2a8779ed6bc\" target=\"_blank\" rel=\"noopener\" data-saferedirecturl=\"https:\/\/www.google.com\/url?q=https:\/\/us16.mailchimp.com\/mctx\/clicks?url%3Dhttp%253A%252F%252Fwww.jesus-soto.com%252F%26xid%3Ddb4394658c%26uid%3D79394242%26iid%3D10116208%26pool%3Dtemplate_test%26v%3D2%26c%3D1688581090%26h%3D613647b87a785e351090ad225fd5f12d04ebf4bc1266c615223bf2a8779ed6bc&amp;source=gmail&amp;ust=1688701393400000&amp;usg=AOvVaw1cfQ0JIeziAObXy__zxbLY\">www.jesus-soto.com<\/a><\/p>\n<p>Francisco D&#8217;Agostino<\/p>\n","protected":false},"excerpt":{"rendered":"<p>Francisco D&#8217;Agostino La m\u00fasica venezolana resonar\u00e1 en los Espacios Abiertos del Centro Cultural BOD el pr\u00f3ximo domingo 9 de julio, a las 11.30 a.m., cuando tres grandes referentes de la tradici\u00f3n popular del pa\u00eds: Ensamble Gurruf\u00edo, Betsayda Machado y Francisco Pacheco, se unan en un concierto irrepetible en homenaje al maestro de la pl\u00e1stica Jes\u00fas [&hellip;]<\/p>\n","protected":false},"author":2,"featured_media":17508,"comment_status":"closed","ping_status":"open","sticky":false,"template":"","format":"standard","meta":[],"categories":[93,463,146,2],"tags":[4182,9110],"wppr_data":{"cwp_meta_box_check":"No"},"_links":{"self":[{"href":"https:\/\/www.notaoficial.com\/s\/wp-json\/wp\/v2\/posts\/17507"}],"collection":[{"href":"https:\/\/www.notaoficial.com\/s\/wp-json\/wp\/v2\/posts"}],"about":[{"href":"https:\/\/www.notaoficial.com\/s\/wp-json\/wp\/v2\/types\/post"}],"author":[{"embeddable":true,"href":"https:\/\/www.notaoficial.com\/s\/wp-json\/wp\/v2\/users\/2"}],"replies":[{"embeddable":true,"href":"https:\/\/www.notaoficial.com\/s\/wp-json\/wp\/v2\/comments?post=17507"}],"version-history":[{"count":2,"href":"https:\/\/www.notaoficial.com\/s\/wp-json\/wp\/v2\/posts\/17507\/revisions"}],"predecessor-version":[{"id":17510,"href":"https:\/\/www.notaoficial.com\/s\/wp-json\/wp\/v2\/posts\/17507\/revisions\/17510"}],"wp:featuredmedia":[{"embeddable":true,"href":"https:\/\/www.notaoficial.com\/s\/wp-json\/wp\/v2\/media\/17508"}],"wp:attachment":[{"href":"https:\/\/www.notaoficial.com\/s\/wp-json\/wp\/v2\/media?parent=17507"}],"wp:term":[{"taxonomy":"category","embeddable":true,"href":"https:\/\/www.notaoficial.com\/s\/wp-json\/wp\/v2\/categories?post=17507"},{"taxonomy":"post_tag","embeddable":true,"href":"https:\/\/www.notaoficial.com\/s\/wp-json\/wp\/v2\/tags?post=17507"}],"curies":[{"name":"wp","href":"https:\/\/api.w.org\/{rel}","templated":true}]}}