{"id":17574,"date":"2023-07-10T00:40:39","date_gmt":"2023-07-10T04:40:39","guid":{"rendered":"https:\/\/www.notaoficial.com\/s\/?p=17574"},"modified":"2023-07-10T00:40:39","modified_gmt":"2023-07-10T04:40:39","slug":"la-moda-encuentra-su-pasarela-en-la-unimet","status":"publish","type":"post","link":"https:\/\/www.notaoficial.com\/s\/2023\/07\/10\/la-moda-encuentra-su-pasarela-en-la-unimet\/","title":{"rendered":"La moda encuentra su pasarela en la UNIMET"},"content":{"rendered":"<p>La Universidad Metropolitana, en alianza con el Instituto Brivil y la Fundaci\u00f3n Eugenio Mendoza, ofrecer\u00e1 un Diplomado de Emprendimiento en Dise\u00f1o de Moda a partir del 4 de septiembre.<\/p>\n<p>\u201cLa iniciativa nace gracias a una alianza estrat\u00e9gica entre la Unimet, Fundaci\u00f3n Eugenio Mendoza y Brivil al unir fuerzas y capacidades, para satisfacer una necesidad mediante la educaci\u00f3n en modelos de negocios en Dise\u00f1o y Moda viables, realistas y sustentables\u201d, comenta Carmen Pares del Instituto Brivil.<\/p>\n<p>Este diplomado tiene como objetivo profesionalizar la moda y ofrecer modelos de negocios viables y sustentables en el pa\u00eds.\u00a0 Est\u00e1 dirigido a todas aquellas personas interesadas en el \u00e1rea sin requerir experiencia previa.<\/p>\n<p>Asimismo, destaca Pares que el diplomado se diferencia de otros modelos de estudios en que busca \u201cprofesionalizar el dise\u00f1o, la moda y ofrecer modelos de negocios viables y sustentables\u00bb, contribuyendo as\u00ed con el desarrollo de empresas de alto impacto, socialmente responsables con su entorno y medio ambiente.<\/p>\n<p>El curso inicia el 4 de septiembre y tendr\u00e1 una duraci\u00f3n de tres meses. Se espera que los participantes puedan poner en pr\u00e1ctica las herramientas aprendidas para emprender con \u00e9xito en la industria de la moda.<\/p>\n<p>Los inscritos ser\u00e1n capacitados por un equipo de profesionales integrales con experiencia laboral necesaria para impartir las herramientas adecuadas para crear y desarrollar modelos de negocios efectivos y realistas.<\/p>\n<p>A juicio de Carmen Pares el diplomado es un \u201cproducto educativo que nace para satisfacer una necesidad existente en el mercado, gracias a la alianza estrat\u00e9gica entre la Universidad Metropolitana, la Fundaci\u00f3n Eugenio Mendoza y el Instituto de Dise\u00f1o Brivil\u201d.<\/p>\n<p>Mayor informaci\u00f3n en: <a href=\"http:\/\/www.cendeco.unimet.edu.ve\/diplomado\/emprendimiento-diseno-moda\/\">http:\/\/www.cendeco.unimet.edu.ve\/diplomado\/emprendimiento-diseno-moda\/<\/a><\/p>\n","protected":false},"excerpt":{"rendered":"<p>La Universidad Metropolitana, en alianza con el Instituto Brivil y la Fundaci\u00f3n Eugenio Mendoza, ofrecer\u00e1 un Diplomado de Emprendimiento en Dise\u00f1o de Moda a partir del 4 de septiembre. \u201cLa iniciativa nace gracias a una alianza estrat\u00e9gica entre la Unimet, Fundaci\u00f3n Eugenio Mendoza y Brivil al unir fuerzas y capacidades, para satisfacer una necesidad mediante [&hellip;]<\/p>\n","protected":false},"author":2,"featured_media":17575,"comment_status":"closed","ping_status":"open","sticky":false,"template":"","format":"standard","meta":[],"categories":[93,146,2],"tags":[9934,1904],"wppr_data":{"cwp_meta_box_check":"No"},"_links":{"self":[{"href":"https:\/\/www.notaoficial.com\/s\/wp-json\/wp\/v2\/posts\/17574"}],"collection":[{"href":"https:\/\/www.notaoficial.com\/s\/wp-json\/wp\/v2\/posts"}],"about":[{"href":"https:\/\/www.notaoficial.com\/s\/wp-json\/wp\/v2\/types\/post"}],"author":[{"embeddable":true,"href":"https:\/\/www.notaoficial.com\/s\/wp-json\/wp\/v2\/users\/2"}],"replies":[{"embeddable":true,"href":"https:\/\/www.notaoficial.com\/s\/wp-json\/wp\/v2\/comments?post=17574"}],"version-history":[{"count":1,"href":"https:\/\/www.notaoficial.com\/s\/wp-json\/wp\/v2\/posts\/17574\/revisions"}],"predecessor-version":[{"id":17576,"href":"https:\/\/www.notaoficial.com\/s\/wp-json\/wp\/v2\/posts\/17574\/revisions\/17576"}],"wp:featuredmedia":[{"embeddable":true,"href":"https:\/\/www.notaoficial.com\/s\/wp-json\/wp\/v2\/media\/17575"}],"wp:attachment":[{"href":"https:\/\/www.notaoficial.com\/s\/wp-json\/wp\/v2\/media?parent=17574"}],"wp:term":[{"taxonomy":"category","embeddable":true,"href":"https:\/\/www.notaoficial.com\/s\/wp-json\/wp\/v2\/categories?post=17574"},{"taxonomy":"post_tag","embeddable":true,"href":"https:\/\/www.notaoficial.com\/s\/wp-json\/wp\/v2\/tags?post=17574"}],"curies":[{"name":"wp","href":"https:\/\/api.w.org\/{rel}","templated":true}]}}