{"id":17704,"date":"2023-07-17T00:07:18","date_gmt":"2023-07-17T04:07:18","guid":{"rendered":"https:\/\/www.notaoficial.com\/s\/?p=17704"},"modified":"2023-07-17T00:07:18","modified_gmt":"2023-07-17T04:07:18","slug":"academia-la-montserratina-cuna-de-nuevos-talentos-gastronomicos","status":"publish","type":"post","link":"https:\/\/www.notaoficial.com\/s\/2023\/07\/17\/academia-la-montserratina-cuna-de-nuevos-talentos-gastronomicos\/","title":{"rendered":"Academia La Montserratina: cuna de nuevos talentos gastron\u00f3micos"},"content":{"rendered":"<p>La <a href=\"http:\/\/www.montserratina.com\/\"><b>Academia La Montserratina<\/b><\/a> es una iniciativa que comenz\u00f3 en 2017 y ya lleva <b>6 a\u00f1os formando nuevos talentos culinarios, en talleres parrilleros y gastron\u00f3micos,<\/b> en los que no solo se ense\u00f1an recetas y los secretos para hacer las mejores parrillas sino que se han convertido en espacios amenos para compartir entre los amantes de las brasas, y para disfrutar de los exquisitos embutidos de los artesanos del sabor.<\/p>\n<p>La gerente de Mercadeo de la empresa, Ver\u00f3nica Maduro, asegur\u00f3 que \u201clos consumidores y los participantes de estas actividades formativas valoran mucho todos los conocimientos que La Montserratina les puede brindar <b>de la mano de los mejores expertos parrilleros<\/b>. Al inicio el contenido impartido versaba sobre preparaciones a la parrilla, pero ahora se ofrecen diferentes tem\u00e1ticas y se elaboran diversos platos, con todas las categor\u00edas de nuestros productos\u201d.<\/p>\n<p>Explic\u00f3 que al terminar los cursos y talleres <b>se entregan certificados de participaci\u00f3n a todos los asistentes,<\/b> que indican las horas acad\u00e9micas y son avalados por el maestro parrillero y la Gerencia de Mercadeo de la marca.<\/p>\n<p><b>La Academia se expande<\/b><\/p>\n<p>Indic\u00f3 que desde el a\u00f1o 2022 la Academia La Montserratina ha crecido y evolucionado hacia un concepto m\u00e1s amplio, con la incorporaci\u00f3n de nuevas propuestas como la preparaci\u00f3n de recetas navide\u00f1as en la \u00e9poca decembrina o de platos especiales para celebraciones familiares, \u201cel D\u00eda de las Madres, por ejemplo, los participantes aprendieron a elaborar una paella con <a href=\"https:\/\/www.instagram.com\/p\/Cr1Pj-2JggG\/\"><b>chorizo italiano, la salchicha cocida<\/b><\/a>, el chorizo ahumado y la chistorra, o canap\u00e9s con morcillas o choripanes\u201d, para deleitar a las reinas del hogar.<\/p>\n<p>Se\u00f1al\u00f3 que se prev\u00e9 <b>realizar m\u00e1s ediciones y llevar los talleres gastron\u00f3micos parrilleros a otros estados del pa\u00eds<\/b>, como se hizo recientemente en Valencia, con una edici\u00f3n especial para agasajar a las madres en su d\u00eda y compartir la <a href=\"https:\/\/www.facebook.com\/LaMontserratina\/photos\/pb.100064755786314.-2207520000.\/6314341398627750\/?type=3\"><b>experiencia parrillera<\/b><\/a> con los consumidores de los productos de la marca en esa ciudad.<\/p>\n<p>Puntualiz\u00f3 que La Montserratina super\u00f3 en este primer semestre del a\u00f1o el n\u00famero de talleres que ten\u00edan previstos para 2023, \u201chemos organizado en estos seis meses 4 formaciones y estamos solo a mitad de a\u00f1o, as\u00ed que prevemos desde ya que sobrepasaremos nuestra meta anual\u201d, explic\u00f3 Ver\u00f3nica Maduro.<\/p>\n<p>La gerente de Mercadeo detall\u00f3 que las <b>alianzas con escuelas gastron\u00f3micas<\/b> \u201ctambi\u00e9n forman parte de este proceso de expansi\u00f3n y crecimiento, por lo que los interesados en sumarse a las actividades de la Academia La Montserratina, as\u00ed como en inscribirse en los talleres, pueden hacer el contacto con la empresa a trav\u00e9s de su cuenta en Instagram <a href=\"https:\/\/www.instagram.com\/lamontserratina\/\">@LaMontserratina<\/a>\u201d.<\/p>\n<p>En las redes sociales de <a href=\"https:\/\/www.facebook.com\/LaMontserratina\/\">@LaMontserratina<\/a> en Instagram, Facebook y Twitter, se pueden conocer m\u00e1s del portafolio de la marca, as\u00ed como recetas y preparaciones, con todas las l\u00edneas de sus productos.<\/p>\n","protected":false},"excerpt":{"rendered":"<p>La Academia La Montserratina es una iniciativa que comenz\u00f3 en 2017 y ya lleva 6 a\u00f1os formando nuevos talentos culinarios, en talleres parrilleros y gastron\u00f3micos, en los que no solo se ense\u00f1an recetas y los secretos para hacer las mejores parrillas sino que se han convertido en espacios amenos para compartir entre los amantes de [&hellip;]<\/p>\n","protected":false},"author":2,"featured_media":17705,"comment_status":"closed","ping_status":"open","sticky":false,"template":"","format":"standard","meta":[],"categories":[93,146,2],"tags":[2969,579],"wppr_data":{"cwp_meta_box_check":"No"},"_links":{"self":[{"href":"https:\/\/www.notaoficial.com\/s\/wp-json\/wp\/v2\/posts\/17704"}],"collection":[{"href":"https:\/\/www.notaoficial.com\/s\/wp-json\/wp\/v2\/posts"}],"about":[{"href":"https:\/\/www.notaoficial.com\/s\/wp-json\/wp\/v2\/types\/post"}],"author":[{"embeddable":true,"href":"https:\/\/www.notaoficial.com\/s\/wp-json\/wp\/v2\/users\/2"}],"replies":[{"embeddable":true,"href":"https:\/\/www.notaoficial.com\/s\/wp-json\/wp\/v2\/comments?post=17704"}],"version-history":[{"count":1,"href":"https:\/\/www.notaoficial.com\/s\/wp-json\/wp\/v2\/posts\/17704\/revisions"}],"predecessor-version":[{"id":17706,"href":"https:\/\/www.notaoficial.com\/s\/wp-json\/wp\/v2\/posts\/17704\/revisions\/17706"}],"wp:featuredmedia":[{"embeddable":true,"href":"https:\/\/www.notaoficial.com\/s\/wp-json\/wp\/v2\/media\/17705"}],"wp:attachment":[{"href":"https:\/\/www.notaoficial.com\/s\/wp-json\/wp\/v2\/media?parent=17704"}],"wp:term":[{"taxonomy":"category","embeddable":true,"href":"https:\/\/www.notaoficial.com\/s\/wp-json\/wp\/v2\/categories?post=17704"},{"taxonomy":"post_tag","embeddable":true,"href":"https:\/\/www.notaoficial.com\/s\/wp-json\/wp\/v2\/tags?post=17704"}],"curies":[{"name":"wp","href":"https:\/\/api.w.org\/{rel}","templated":true}]}}