{"id":17716,"date":"2023-07-17T23:52:05","date_gmt":"2023-07-18T03:52:05","guid":{"rendered":"https:\/\/www.notaoficial.com\/s\/?p=17716"},"modified":"2023-07-18T00:08:52","modified_gmt":"2023-07-18T04:08:52","slug":"inauguran-obra-monumental-de-cruz-diez","status":"publish","type":"post","link":"https:\/\/www.notaoficial.com\/s\/2023\/07\/17\/inauguran-obra-monumental-de-cruz-diez\/","title":{"rendered":"Inauguran obra monumental de Cruz-Diez"},"content":{"rendered":"<p>Francisco D&#8217;Agostino<\/p>\n<p>Una aspiraci\u00f3n de a\u00f1os, finalmente se har\u00e1 realidad el pr\u00f3ximo lunes 17 de julio: ante la presencia de Gabriel Cruz Mendoza, nieto del artista, acompa\u00f1ado de otros miembros de la familia; la rectora de la UNIMET, Mar\u00eda Isabel Guinand, junto a integrantes del Consejo Superior; Luisa Mariana Pulido, presidenta de <a href=\"https:\/\/www.google.com\/url?sa=t&amp;rct=j&amp;q=&amp;esrc=s&amp;source=web&amp;cd=&amp;cad=rja&amp;uact=8&amp;ved=2ahUKEwjOjpGorZeAAxXqSTABHXZoBioQFnoECBcQAQ&amp;url=https%3A%2F%2Fwww.unimet.edu.ve%2Ffundamet%2F&amp;usg=AOvVaw33aBNOmGHtf4ggfp0lVgCg&amp;opi=89978449\">FUNDAMET<\/a>, m\u00e1s varios integrantes de la Junta de Gobernadores y el Consejo de Directores de esa instituci\u00f3n, se realizar\u00e1 el acto de inauguraci\u00f3n de la obra <i>Chromostructure D\u00b4Induction Chromatique<\/i>, que Carlos Cruz-Diez don\u00f3 a la Universidad Metropolitana, antes de su fallecimiento en 2019. La misma estar\u00e1 ubicada en los hermosos espacios de la plaza central de la Universidad.<\/p>\n<p>Las palabras del acto, en el que tambi\u00e9n se le otorgar\u00e1 el doctorado Honoris Causa a los familiares de Carlos Cruz-Diez, corresponder\u00e1n a la rectora de UNIMET, Mar\u00eda Isabel Guinand; a la presidenta de FUNDAMET, Luisa Mariana Pulido; al nieto de Carlos Cruz Diez, Gabriel Cruz Mendoza; al Dr. Pablo Pulido, expresidente de la FUNDAMET, miembro del Consejo Superior de UNIMET y, especialmente relevante en este caso, amigo de Carlos Cruz-Diez. A lo largo de una fruct\u00edfera amistad que se prolong\u00f3 por cinco d\u00e9cadas, Pulido y Cruz-Diez intercambiaron sobre cuestiones fundamentales como la Creaci\u00f3n art\u00edstica y la Educaci\u00f3n como caminos paralelos en la b\u00fasqueda de Libertad.<\/p>\n<p>Cuando Pablo Pulido le propuso a Cruz-Diez crear una obra para los espacios de la Universidad Metropolitana, en el a\u00f1o 2014, la respuesta del artista fue un s\u00ed rotundo. De ese entusiasmo naci\u00f3 una obra espectacular y cargada de significados, Chromostructure d\u00b4induction chromatique, que no solo se constituir\u00e1 en una inevitable referencia visual en el paisaje interno del campus, sino que vendr\u00e1 a enriquecer el excepcional patrimonio cultural de la Fundaci\u00f3n y de la Universidad Metropolitana, que incluye las bibliotecas de cuatro figuras fundamentales de la cultura venezolana, Arturo Uslar Pietri, Ram\u00f3n J. Vel\u00e1zquez, Armando Scannone y Pedro Grases.<\/p>\n<p>Francisco D&#8217;Agostino<\/p>\n<p>La <i>Chromostructure D\u00b4Induction Chromatique<\/i> fue concebida en el 2018. Se realiz\u00f3 en Articruz, el taller que Cruz-Diez fund\u00f3 en Panam\u00e1, en 2009. Est\u00e1 conformada por dos semic\u00edrculos, construidos en aluminio, cada uno de 3,5 metros de alto, erigidos sobre una base circular, cuyo di\u00e1metro es de tres metros. Las dimensiones de la obra la constituir\u00e1n en una espl\u00e9ndida y estimulante presencia, visible desde diversos lugares del campus.<\/p>\n<p>Al acto han sido invitados alumnos, empleados y profesores de la Universidad Metropolitana; miembros del cuerpo diplom\u00e1tico acreditado en Venezuela; miembros del Consejo Superior de UNIMET; artistas y cr\u00edticos de arte; as\u00ed como representantes de los medios de comunicaci\u00f3n.<\/p>\n<p>Es pertinente recordar aqu\u00ed que, en los espacios expositivos de la Fundaci\u00f3n Sala Mendoza, ubicados en el campus de la Universidad Metropolitana, se realiz\u00f3 en octubre de 2022, la exposici\u00f3n <i>El peso de la forma. El dise\u00f1o gr\u00e1fico de Carlos Cruz-Diez<\/i>, que reuni\u00f3 un impactante grupo de obras -dise\u00f1o editorial, afiches y cat\u00e1logos de exposiciones-, representativas de unas de las m\u00faltiples vertientes que, como creador inagotable, produjo Carlos Cruz-Diez (1923-2019), durante su vida.<\/p>\n<p>Francisco D&#8217;Agostino<\/p>\n","protected":false},"excerpt":{"rendered":"<p>Francisco D&#8217;Agostino Una aspiraci\u00f3n de a\u00f1os, finalmente se har\u00e1 realidad el pr\u00f3ximo lunes 17 de julio: ante la presencia de Gabriel Cruz Mendoza, nieto del artista, acompa\u00f1ado de otros miembros de la familia; la rectora de la UNIMET, Mar\u00eda Isabel Guinand, junto a integrantes del Consejo Superior; Luisa Mariana Pulido, presidenta de FUNDAMET, m\u00e1s varios [&hellip;]<\/p>\n","protected":false},"author":2,"featured_media":17717,"comment_status":"closed","ping_status":"open","sticky":false,"template":"","format":"standard","meta":[],"categories":[93,146,2],"tags":[553,9110,1904],"wppr_data":{"cwp_meta_box_check":"No"},"_links":{"self":[{"href":"https:\/\/www.notaoficial.com\/s\/wp-json\/wp\/v2\/posts\/17716"}],"collection":[{"href":"https:\/\/www.notaoficial.com\/s\/wp-json\/wp\/v2\/posts"}],"about":[{"href":"https:\/\/www.notaoficial.com\/s\/wp-json\/wp\/v2\/types\/post"}],"author":[{"embeddable":true,"href":"https:\/\/www.notaoficial.com\/s\/wp-json\/wp\/v2\/users\/2"}],"replies":[{"embeddable":true,"href":"https:\/\/www.notaoficial.com\/s\/wp-json\/wp\/v2\/comments?post=17716"}],"version-history":[{"count":1,"href":"https:\/\/www.notaoficial.com\/s\/wp-json\/wp\/v2\/posts\/17716\/revisions"}],"predecessor-version":[{"id":17718,"href":"https:\/\/www.notaoficial.com\/s\/wp-json\/wp\/v2\/posts\/17716\/revisions\/17718"}],"wp:featuredmedia":[{"embeddable":true,"href":"https:\/\/www.notaoficial.com\/s\/wp-json\/wp\/v2\/media\/17717"}],"wp:attachment":[{"href":"https:\/\/www.notaoficial.com\/s\/wp-json\/wp\/v2\/media?parent=17716"}],"wp:term":[{"taxonomy":"category","embeddable":true,"href":"https:\/\/www.notaoficial.com\/s\/wp-json\/wp\/v2\/categories?post=17716"},{"taxonomy":"post_tag","embeddable":true,"href":"https:\/\/www.notaoficial.com\/s\/wp-json\/wp\/v2\/tags?post=17716"}],"curies":[{"name":"wp","href":"https:\/\/api.w.org\/{rel}","templated":true}]}}