{"id":17719,"date":"2023-07-17T23:56:27","date_gmt":"2023-07-18T03:56:27","guid":{"rendered":"https:\/\/www.notaoficial.com\/s\/?p=17719"},"modified":"2023-07-17T23:56:27","modified_gmt":"2023-07-18T03:56:27","slug":"festival-digital-internacional-una-gaita-para-cabimas","status":"publish","type":"post","link":"https:\/\/www.notaoficial.com\/s\/2023\/07\/17\/festival-digital-internacional-una-gaita-para-cabimas\/","title":{"rendered":"Festival Digital Internacional una Gaita para Cabimas"},"content":{"rendered":"<div dir=\"auto\">Todo est\u00e1 listo para iniciar el 17 de julio con la recepci\u00f3n de los temas de compositores a participar en el I Festival Digital Internacional \u00abUna Gaita para Cabimas 2023\u00bb.<\/div>\n<div dir=\"auto\">Las bases del concurso se dieron a conocer el pasado viernes 14 de julio en un encuentro con los medios de comunicaci\u00f3n social, donde explicaron detalles de lo que ser\u00e1 el Festival abierto a autores y compositores de toda Venezuela y del exterior que quieran resaltar lo positivo qu\u00e9 tiene la ciudad de Cabimas, ubicada en la Costa Oriental del Lago-Estado Zulia.<\/div>\n<div dir=\"auto\"><\/div>\n<div dir=\"auto\">La Informaci\u00f3n fue suministrada por Nerio Torrealba, coordinador del evento, quien manifest\u00f3 que el festival est\u00e1 siendo organizado por el portal gaitero, junto a otras plataformas digitales como son las p\u00e1ginas: Cabimas Casco Central, Q\u2019 Molleja Zulia, Maracaibiando, Maracaibo my city adem\u00e1s de ser difundido en distintas redes sociales. En cuanto al comit\u00e9 organizador est\u00e1 conformado por: Ingrid Falc\u00f3n, Oscar Morales, Orlando Ortiz, Stiwar Villasmil, Francisco Javier Yoris y Alfredo Rojas como director de Medios.<\/div>\n<div dir=\"auto\"><\/div>\n<div dir=\"auto\">Con este festival se busca brindarles buenas gaitas a Cabimas con letras que representen lo hermoso de este municipio, adem\u00e1s de dar a conocer su historia, personajes populares, su gente, la cultura, gastronom\u00eda y sitios que hacen que sea una gran ciudad resaltado lo que representa para cado uno de los nacidos en esta tierra, dejando a un lado las tem\u00e1ticas de protesta y pol\u00edtica.<\/div>\n<div dir=\"auto\"><\/div>\n<div dir=\"auto\">Torrealba se\u00f1ala que este festival no es para agrupaciones gaiteras, los compositores har\u00e1n llegar los temas a trav\u00e9s de la p\u00e1gina <a href=\"http:\/\/www.portalgaitero.com\" target=\"_blank\" rel=\"noopener noreferrer\" data-saferedirecturl=\"https:\/\/www.google.com\/url?q=http:\/\/www.portalgaitero.com&amp;source=gmail&amp;ust=1689738290944000&amp;usg=AOvVaw2uJLmLlZnDNQGjl8L1BSGi\">www.portalgaitero.com<\/a> , donde ser\u00e1n evaluadas por un jurado calificado, luego pasar\u00e1 a lo que ser\u00eda la clasificaci\u00f3n de las tres mejores gaitas que van a la gran final. Este festival no tiene patrocinio ni est\u00e1 avalado por ninguna organizaci\u00f3n gubernamental, es promovido por un grupo de personas de Cabimas que tienen la necesidad de aportar cultura y que mejor que a trav\u00e9s de la gaita.<\/div>\n<div dir=\"auto\">Nerio Torrealba manifest\u00f3 que una vez conocido los resultados finales, los estatutos establecen que las gaitas seleccionadas como ganadoras pasan a ser del Festival\u00a0 y todo el equipo humano (m\u00fasicos y solistas)\u00a0 que ser\u00e1 el encargado de su interpretaci\u00f3n ser\u00e1n\u00a0 de Cabimas y la grabaci\u00f3n ser\u00e1 en este municipio y de este modo resaltar \u201clo hecho en casa\u201d<\/div>\n<div dir=\"auto\"><\/div>\n<div dir=\"auto\">Destacan que este oportunidad este Festival no contempla un premio met\u00e1lico, sino la grabaci\u00f3n y promoci\u00f3n del tema, lo cual ser\u00e1 un buen incentivo para el autor o compositor dentro de su carrera.<\/div>\n<div dir=\"auto\"><\/div>\n<div dir=\"auto\">Homenaje al gran \u201cAl\u201d Castro<\/div>\n<div dir=\"auto\"><\/div>\n<div dir=\"auto\">El comit\u00e9 organizador inform\u00f3\u00a0 \u00a0que este I Festival permitir\u00e1 rendirle honores a un excelente profesional de la comunicaci\u00f3n social y defensor de la gaita zuliana como lo fue\u00a0 Alberto \u201cAl\u201d Castro, todo un personaje quien\u00a0 a trav\u00e9s de su exitoso programa radial \u201cMa\u00f1anitas gaiteras\u201d\u00a0 impuso un estilo\u00a0 por m\u00e1s de cuatro d\u00e9cadas\u00a0 en la difusi\u00f3n de este g\u00e9nero musical zuliano<\/div>\n","protected":false},"excerpt":{"rendered":"<p>Todo est\u00e1 listo para iniciar el 17 de julio con la recepci\u00f3n de los temas de compositores a participar en el I Festival Digital Internacional \u00abUna Gaita para Cabimas 2023\u00bb. Las bases del concurso se dieron a conocer el pasado viernes 14 de julio en un encuentro con los medios de comunicaci\u00f3n social, donde explicaron [&hellip;]<\/p>\n","protected":false},"author":2,"featured_media":17720,"comment_status":"closed","ping_status":"open","sticky":false,"template":"","format":"standard","meta":[],"categories":[93,146,2],"tags":[9872,190],"wppr_data":{"cwp_meta_box_check":"No"},"_links":{"self":[{"href":"https:\/\/www.notaoficial.com\/s\/wp-json\/wp\/v2\/posts\/17719"}],"collection":[{"href":"https:\/\/www.notaoficial.com\/s\/wp-json\/wp\/v2\/posts"}],"about":[{"href":"https:\/\/www.notaoficial.com\/s\/wp-json\/wp\/v2\/types\/post"}],"author":[{"embeddable":true,"href":"https:\/\/www.notaoficial.com\/s\/wp-json\/wp\/v2\/users\/2"}],"replies":[{"embeddable":true,"href":"https:\/\/www.notaoficial.com\/s\/wp-json\/wp\/v2\/comments?post=17719"}],"version-history":[{"count":1,"href":"https:\/\/www.notaoficial.com\/s\/wp-json\/wp\/v2\/posts\/17719\/revisions"}],"predecessor-version":[{"id":17721,"href":"https:\/\/www.notaoficial.com\/s\/wp-json\/wp\/v2\/posts\/17719\/revisions\/17721"}],"wp:featuredmedia":[{"embeddable":true,"href":"https:\/\/www.notaoficial.com\/s\/wp-json\/wp\/v2\/media\/17720"}],"wp:attachment":[{"href":"https:\/\/www.notaoficial.com\/s\/wp-json\/wp\/v2\/media?parent=17719"}],"wp:term":[{"taxonomy":"category","embeddable":true,"href":"https:\/\/www.notaoficial.com\/s\/wp-json\/wp\/v2\/categories?post=17719"},{"taxonomy":"post_tag","embeddable":true,"href":"https:\/\/www.notaoficial.com\/s\/wp-json\/wp\/v2\/tags?post=17719"}],"curies":[{"name":"wp","href":"https:\/\/api.w.org\/{rel}","templated":true}]}}