{"id":17761,"date":"2023-07-19T23:42:06","date_gmt":"2023-07-20T03:42:06","guid":{"rendered":"https:\/\/www.notaoficial.com\/s\/?p=17761"},"modified":"2023-07-19T23:42:06","modified_gmt":"2023-07-20T03:42:06","slug":"guaco-presentara-a-sus-nuevos-integrantes","status":"publish","type":"post","link":"https:\/\/www.notaoficial.com\/s\/2023\/07\/19\/guaco-presentara-a-sus-nuevos-integrantes\/","title":{"rendered":"Guaco presentar\u00e1 a sus nuevos integrantes"},"content":{"rendered":"<div dir=\"auto\">La agrupaci\u00f3n musical \u00edcono venezolana se abre paso a una nueva etapa cabalgando con los tiempos y en el show de la Capital del pa\u00eds presentar\u00e1 a sus nuevos cantantes.<\/div>\n<div dir=\"auto\"><\/div>\n<div dir=\"auto\">Ser\u00e1 una noche para la historia de los caraque\u00f1os y los venezolanos en general que disfrutar\u00e1n de su estilo \u00fanico, como nos tienen acostumbrados, pero esta vez en compa\u00f1\u00eda de grandes artistas como invitados especiales: Kiara y Daniel Somaroo. Mientras que la apertura de este espect\u00e1culo estar\u00e1 a cargo del talentoso Pedro Alonso quien nos deleitar\u00e1 con una incre\u00edble puesta en escena junto a toda su banda. Todo esto bajo la producci\u00f3n de Yosmar Oviedo, destacada por su amplia experiencia dentro de la industria del entretenimiento.<\/div>\n<div dir=\"auto\"><\/div>\n<div dir=\"auto\">Guaco, celebrando adem\u00e1s 60 a\u00f1os de trayectoria art\u00edstica y pr\u00f3ximos al lanzamiento de su disco Nro 50 \u00a1Esta una cita que el p\u00fablico guaquero no se puede perder!<\/div>\n<div dir=\"auto\"><\/div>\n<div dir=\"auto\">Importante destacar que la S\u00faper Banda de Venezuela estar\u00e1 visitando otras ciudades del pa\u00eds como lo son Maracay el S\u00e1bado 19 de agosto en la Sala de Eventos Las Am\u00e9ricas del CC Las Am\u00e9ricas y Valencia el S\u00e1bado 2 de septiembre en el Hotel Hesperia. Igualmente junto a destacados invitados especiales.<\/div>\n<div dir=\"auto\"><\/div>\n<div dir=\"auto\">Las entradas para estos tres eventos est\u00e1n a la venta a trav\u00e9s de:\u00a0<a href=\"https:\/\/guaco2023.ticketmundo.com\/\" target=\"_blank\" rel=\"noopener noreferrer\" data-saferedirecturl=\"https:\/\/www.google.com\/url?q=https:\/\/guaco2023.ticketmundo.com\/&amp;source=gmail&amp;ust=1689910402141000&amp;usg=AOvVaw3dDWMEtv2y4jepgeebzn81\">https:\/\/guaco2023.<wbr \/>ticketmundo.com\/<\/a>\u00a0as\u00ed como en las taquillas de Ticketmundo ubicadas en el CCCT.<\/div>\n<div dir=\"auto\"><\/div>\n<div dir=\"auto\">\u00a1Guaco es Guaco!<\/div>\n<div dir=\"auto\"><\/div>\n<div dir=\"auto\">Para m\u00e1s informaci\u00f3n:<\/div>\n<div dir=\"auto\"><\/div>\n<div dir=\"auto\">@yosmaroviedo<\/div>\n<div dir=\"auto\">@oficialguaco<\/div>\n","protected":false},"excerpt":{"rendered":"<p>La agrupaci\u00f3n musical \u00edcono venezolana se abre paso a una nueva etapa cabalgando con los tiempos y en el show de la Capital del pa\u00eds presentar\u00e1 a sus nuevos cantantes. Ser\u00e1 una noche para la historia de los caraque\u00f1os y los venezolanos en general que disfrutar\u00e1n de su estilo \u00fanico, como nos tienen acostumbrados, pero [&hellip;]<\/p>\n","protected":false},"author":2,"featured_media":17762,"comment_status":"closed","ping_status":"open","sticky":false,"template":"","format":"standard","meta":[],"categories":[93,146,2],"tags":[10231,589],"wppr_data":{"cwp_meta_box_check":"No"},"_links":{"self":[{"href":"https:\/\/www.notaoficial.com\/s\/wp-json\/wp\/v2\/posts\/17761"}],"collection":[{"href":"https:\/\/www.notaoficial.com\/s\/wp-json\/wp\/v2\/posts"}],"about":[{"href":"https:\/\/www.notaoficial.com\/s\/wp-json\/wp\/v2\/types\/post"}],"author":[{"embeddable":true,"href":"https:\/\/www.notaoficial.com\/s\/wp-json\/wp\/v2\/users\/2"}],"replies":[{"embeddable":true,"href":"https:\/\/www.notaoficial.com\/s\/wp-json\/wp\/v2\/comments?post=17761"}],"version-history":[{"count":2,"href":"https:\/\/www.notaoficial.com\/s\/wp-json\/wp\/v2\/posts\/17761\/revisions"}],"predecessor-version":[{"id":17764,"href":"https:\/\/www.notaoficial.com\/s\/wp-json\/wp\/v2\/posts\/17761\/revisions\/17764"}],"wp:featuredmedia":[{"embeddable":true,"href":"https:\/\/www.notaoficial.com\/s\/wp-json\/wp\/v2\/media\/17762"}],"wp:attachment":[{"href":"https:\/\/www.notaoficial.com\/s\/wp-json\/wp\/v2\/media?parent=17761"}],"wp:term":[{"taxonomy":"category","embeddable":true,"href":"https:\/\/www.notaoficial.com\/s\/wp-json\/wp\/v2\/categories?post=17761"},{"taxonomy":"post_tag","embeddable":true,"href":"https:\/\/www.notaoficial.com\/s\/wp-json\/wp\/v2\/tags?post=17761"}],"curies":[{"name":"wp","href":"https:\/\/api.w.org\/{rel}","templated":true}]}}