{"id":17765,"date":"2023-07-19T23:45:20","date_gmt":"2023-07-20T03:45:20","guid":{"rendered":"https:\/\/www.notaoficial.com\/s\/?p=17765"},"modified":"2023-07-19T23:45:20","modified_gmt":"2023-07-20T03:45:20","slug":"colados-de-frutas-son-una-excelente-opcion-para-nutrir-a-los-mas-pequenos","status":"publish","type":"post","link":"https:\/\/www.notaoficial.com\/s\/2023\/07\/19\/colados-de-frutas-son-una-excelente-opcion-para-nutrir-a-los-mas-pequenos\/","title":{"rendered":"Colados de Frutas son una excelente opci\u00f3n para nutrir a los m\u00e1s peque\u00f1os"},"content":{"rendered":"<p>Alrededor de los seis meses de edad el beb\u00e9 est\u00e1 creciendo r\u00e1pidamente, y necesita m\u00e1s energ\u00eda y nutrientes que en cualquier otro momento de su vida, para desarrollarse sano y fuerte.<\/p>\n<p>En esta etapa <b>la leche materna contin\u00faa siendo una fuente vital de nutrici\u00f3n, pero no es suficiente por s\u00ed misma,<\/b> por lo que hay que ofrecer alimentos s\u00f3lidos para suplir sus nuevas necesidades. Pero, se debe tomar en cuenta que el beb\u00e9 est\u00e1 aprendiendo a masticar, por lo que esos primeros alimentos -frutas y verduras- deben ser blandos, en forma de colados o compotas y de papillas para que sean muy f\u00e1ciles de ingerir y digerir.<\/p>\n<p>El especialista en Neonatolog\u00eda, Pediatr\u00eda y Puericultura, doctor Rafael Godoy, indic\u00f3 que, \u201c<b>a los seis meses de edad los beb\u00e9s ya\u00a0tienen la\u00a0edad\u00a0suficiente para comer otros alimentos que promover\u00e1n su desarrollo<\/b>, adem\u00e1s de la leche materna, que hasta ese momento es su \u00fanica fuente de nutrici\u00f3n\u201d.<\/p>\n<p>Destac\u00f3 que \u201c<b>las compotas son el ABC de las madres en la dieta de su beb\u00e9<\/b>, lo importante es verificar su contenido cal\u00f3rico y que no contengan preservantes ni colorantes artificiales\u201d.<\/p>\n<p>En este sentido, la l\u00ednea de <a href=\"https:\/\/natulac.com\/colados\/\">Colados de Frutas Natulac<\/a>, con sus <b>sabores naturales de manzana, pera y durazno, <\/b>son una opci\u00f3n saludable para alimentar al beb\u00e9 a partir de esta etapa inicial de su vida, ya que<b> son 100% de fruta y contienen vitamina C, est\u00e1n libres de conservantes, colorantes y sabores artificiales y son esterilizados.<\/b><\/p>\n<p>Su procesamiento se realiza con altos est\u00e1ndares de calidad y con tecnolog\u00eda de punta, lo que permite conservar todas las vitaminas. Adem\u00e1s, las calor\u00edas que proporcionan est\u00e1n ajustadas a las necesidades de los infantes.<\/p>\n<p><b>Frutas en la dieta<\/b><\/p>\n<p>El especialista se\u00f1al\u00f3 que \u201cal comenzar con los colados son recomendables las frutas de manzana y pera, y hay que evitar los c\u00edtricos hasta despu\u00e9s de que hayan cumplido el primer a\u00f1o de edad\u201d. En este caso el durazno es un c\u00edtrico, pero los beb\u00e9s los pueden consumir a partir de los 12 meses.<\/p>\n<p>Explic\u00f3 Godoy que \u201c<b>todas las frutas son\u00a0excelentes\u00a0fuentes de vitamina\u00a0C, que es uno de los nutrientes m\u00e1s vitales para la salud humana<\/b>, debido a su capacidad para aumentar las defensas org\u00e1nicas, lo que beneficia al beb\u00e9 en desarrollo en todos los niveles de salud\u201d.<\/p>\n<p>Los <a href=\"https:\/\/www.instagram.com\/natulacoficial\/?hl=es\">Colados Natulac de pera, manzana y durazno<\/a> proporcionan todos los nutrientes de las frutas a los ni\u00f1os, cuando comienzan su alimentaci\u00f3n complementaria, y son una excelente alternativa que le da a las madres la tranquilidad de proporcionar alimentos nutritivos a sus peque\u00f1os, y est\u00e1n listas para ser consumidas a cualquier hora del d\u00eda.<\/p>\n<p>Si quiere m\u00e1s informaci\u00f3n sobre la marca Natulac y su portafolio de productos puede visitar su sitio web: <a href=\"https:\/\/natulac.com\/\">https:\/\/natulac.com\/<\/a> y\/o seguirlos en sus redes sociales: Instagram (<a href=\"https:\/\/www.instagram.com\/natulacoficial\/\">@natulacoficial<\/a>) y Facebook (<a href=\"https:\/\/www.facebook.com\/natulacoficial\/\">Natulac<\/a>).<\/p>\n","protected":false},"excerpt":{"rendered":"<p>Alrededor de los seis meses de edad el beb\u00e9 est\u00e1 creciendo r\u00e1pidamente, y necesita m\u00e1s energ\u00eda y nutrientes que en cualquier otro momento de su vida, para desarrollarse sano y fuerte. En esta etapa la leche materna contin\u00faa siendo una fuente vital de nutrici\u00f3n, pero no es suficiente por s\u00ed misma, por lo que hay [&hellip;]<\/p>\n","protected":false},"author":2,"featured_media":17766,"comment_status":"closed","ping_status":"open","sticky":false,"template":"","format":"standard","meta":[],"categories":[93,146,2],"tags":[10232,1164],"wppr_data":{"cwp_meta_box_check":"No"},"_links":{"self":[{"href":"https:\/\/www.notaoficial.com\/s\/wp-json\/wp\/v2\/posts\/17765"}],"collection":[{"href":"https:\/\/www.notaoficial.com\/s\/wp-json\/wp\/v2\/posts"}],"about":[{"href":"https:\/\/www.notaoficial.com\/s\/wp-json\/wp\/v2\/types\/post"}],"author":[{"embeddable":true,"href":"https:\/\/www.notaoficial.com\/s\/wp-json\/wp\/v2\/users\/2"}],"replies":[{"embeddable":true,"href":"https:\/\/www.notaoficial.com\/s\/wp-json\/wp\/v2\/comments?post=17765"}],"version-history":[{"count":1,"href":"https:\/\/www.notaoficial.com\/s\/wp-json\/wp\/v2\/posts\/17765\/revisions"}],"predecessor-version":[{"id":17767,"href":"https:\/\/www.notaoficial.com\/s\/wp-json\/wp\/v2\/posts\/17765\/revisions\/17767"}],"wp:featuredmedia":[{"embeddable":true,"href":"https:\/\/www.notaoficial.com\/s\/wp-json\/wp\/v2\/media\/17766"}],"wp:attachment":[{"href":"https:\/\/www.notaoficial.com\/s\/wp-json\/wp\/v2\/media?parent=17765"}],"wp:term":[{"taxonomy":"category","embeddable":true,"href":"https:\/\/www.notaoficial.com\/s\/wp-json\/wp\/v2\/categories?post=17765"},{"taxonomy":"post_tag","embeddable":true,"href":"https:\/\/www.notaoficial.com\/s\/wp-json\/wp\/v2\/tags?post=17765"}],"curies":[{"name":"wp","href":"https:\/\/api.w.org\/{rel}","templated":true}]}}