{"id":17768,"date":"2023-07-19T23:48:38","date_gmt":"2023-07-20T03:48:38","guid":{"rendered":"https:\/\/www.notaoficial.com\/s\/?p=17768"},"modified":"2023-07-19T23:48:38","modified_gmt":"2023-07-20T03:48:38","slug":"arap-bethke-atraido-por-el-festival-de-cine-de-guanajuato","status":"publish","type":"post","link":"https:\/\/www.notaoficial.com\/s\/2023\/07\/19\/arap-bethke-atraido-por-el-festival-de-cine-de-guanajuato\/","title":{"rendered":"Arap Bethke atra\u00eddo por el Festival de Cine de Guanajuato"},"content":{"rendered":"<p>La vigesimosexta edici\u00f3n del <strong>Festival Internacional de Cine Guanajuato (GIFF)\u00a0<\/strong>se prepara para presentar una amplia gama de lo mejor cine internacional y mexicano con una selecci\u00f3n oficial de 201 pel\u00edculas provenientes de 49 pa\u00edses.<\/p>\n<p>La ceremonia de inauguraci\u00f3n del <strong><a href=\"https:\/\/facebook.us15.list-manage.com\/track\/click?u=d29e05f3cb957969a97f7b89e&amp;id=f3a9cf6f2a&amp;e=48ce6451b1\" target=\"_blank\" rel=\"noopener\" data-saferedirecturl=\"https:\/\/www.google.com\/url?q=https:\/\/facebook.us15.list-manage.com\/track\/click?u%3Dd29e05f3cb957969a97f7b89e%26id%3Df3a9cf6f2a%26e%3D48ce6451b1&amp;source=gmail&amp;ust=1689910408394000&amp;usg=AOvVaw04Ci-QPXuhgku1nw3jx1qa\">GIFF<\/a><\/strong>, el jueves 20 de julio a las 7:00 PM,\u00a0contar\u00e1 con la destacada presencia del actor\u00a0<strong><a href=\"https:\/\/facebook.us15.list-manage.com\/track\/click?u=d29e05f3cb957969a97f7b89e&amp;id=05d5fd713a&amp;e=48ce6451b1\" target=\"_blank\" rel=\"noopener\" data-saferedirecturl=\"https:\/\/www.google.com\/url?q=https:\/\/facebook.us15.list-manage.com\/track\/click?u%3Dd29e05f3cb957969a97f7b89e%26id%3D05d5fd713a%26e%3D48ce6451b1&amp;source=gmail&amp;ust=1689910408394000&amp;usg=AOvVaw3KTNtNn-oW19yTp7Fxo7TW\">Arap Bethke<\/a><\/strong>, quien ha sido convocado para ser uno de los conductores. Arap no se dejar\u00e1 extra\u00f1ar por sus fans durante esta noche especial del cine, desfilando por la alfombra roja.<\/p>\n<p><em>\u201cEstoy muy emocionado de unirme a la celebraci\u00f3n del GIFF. Los festivales de cine son una gran oportunidad para ver buenas pelis y estar en contacto con otros artistas y creadores de nuestra industria. \u00a0Estoy muy feliz de ser parte del crecimiento de este festival en Guanajuato\u201d, <\/em>expres\u00f3 Bethke,\u00a0elegido uno de\u00a0<a href=\"https:\/\/facebook.us15.list-manage.com\/track\/click?u=d29e05f3cb957969a97f7b89e&amp;id=e613894c48&amp;e=48ce6451b1\" target=\"_blank\" rel=\"noopener\" data-saferedirecturl=\"https:\/\/www.google.com\/url?q=https:\/\/facebook.us15.list-manage.com\/track\/click?u%3Dd29e05f3cb957969a97f7b89e%26id%3De613894c48%26e%3D48ce6451b1&amp;source=gmail&amp;ust=1689910408394000&amp;usg=AOvVaw0rCl9Q_DkDcuztoZBZZ-af\"><strong>Los 50 M\u00e1s Bellos\u00a0<\/strong>del 2023<\/a>, seg\u00fan la revista\u00a0<strong>People en Espa\u00f1ol<\/strong>.<\/p>\n<p>El <a href=\"https:\/\/facebook.us15.list-manage.com\/track\/click?u=d29e05f3cb957969a97f7b89e&amp;id=b294a1bfee&amp;e=48ce6451b1\" target=\"_blank\" rel=\"noopener\" data-saferedirecturl=\"https:\/\/www.google.com\/url?q=https:\/\/facebook.us15.list-manage.com\/track\/click?u%3Dd29e05f3cb957969a97f7b89e%26id%3Db294a1bfee%26e%3D48ce6451b1&amp;source=gmail&amp;ust=1689910408394000&amp;usg=AOvVaw0aAUyACGgTxqaUxOSPKsh3\"><strong>Festival Internacional de Cine Guanajuato<\/strong><\/a>\u00a0se celebrar\u00e1 en <strong>Le\u00f3n <\/strong>del<strong> 20 al 23 de julio<\/strong>, <strong>San Miguel de Allende <\/strong>del<strong> 24 al 27<\/strong> e <strong>Irapuato <\/strong>del<strong> 28 al 31, <\/strong>donde presenta\u00a0la riqueza f\u00edlmica y gran ambiente que caracteriza a este importante evento. Exhibe\u00a0<strong>37 estrenos mundiales, 32 estrenos americanos, 21 estrenos latinoamericanos, y 53 estrenos mexicanos<\/strong> de una convocatoria que reuni\u00f3 4065 pel\u00edculas provenientes de 141 pa\u00edses.<\/p>\n<p>Figuras como\u00a0<strong>Luis Estrada, Joan Baez, Arcelia Ram\u00edrez<\/strong>\u00a0y\u00a0<strong>Tita Lombardo<\/strong>\u00a0recibir\u00e1n un c\u00e1lido homenaje nacional en reconocimiento a sus carreras.<\/p>\n<p>Tambi\u00e9n el <strong>GIFF<\/strong> contar\u00e1 con una amplia oferta de conferencias y talleres.\u00a0Se destaca el encuentro con cineastas que tendr\u00e1 en San Miguel de Allende el legendario director de fotograf\u00eda brit\u00e1nico Stephen Goldblatt, fot\u00f3grafo de cintas como Closer, Lethal Weapon, The Cotton Club, Conspiracy o The Help.<\/p>\n<p>Siguiendo su tradici\u00f3n innovadora y de atenci\u00f3n a las tecnolog\u00edas de vanguardia, <a href=\"https:\/\/facebook.us15.list-manage.com\/track\/click?u=d29e05f3cb957969a97f7b89e&amp;id=ac6806a5a4&amp;e=48ce6451b1\" target=\"_blank\" rel=\"noopener\" data-saferedirecturl=\"https:\/\/www.google.com\/url?q=https:\/\/facebook.us15.list-manage.com\/track\/click?u%3Dd29e05f3cb957969a97f7b89e%26id%3Dac6806a5a4%26e%3D48ce6451b1&amp;source=gmail&amp;ust=1689910408394000&amp;usg=AOvVaw00EIeA36TaPHBv9RrQGI7D\"><strong>GIFF<\/strong><\/a> ofrece en su vigesimosexta edici\u00f3n un evento que marcar\u00e1 pauta a nivel nacional e internacional sobre la discusi\u00f3n de los efectos y amenazas que implica la presente revoluci\u00f3n en inteligencia artificial. Este enfoque disruptivo en la tecnolog\u00eda que caracteriza al GIFF se ha visto de manifiesto en el uso permanente de la inteligencia artificial para la ejecuci\u00f3n de todos los productos del Festival.\u00a0En esta ocasi\u00f3n se organizar\u00e1 el encuentro &#8216;La inteligencia artificial como herramienta en el cine y el periodismo cinematogr\u00e1fico&#8217; en San Miguel de Allende. En \u00e9l cr\u00edticos y periodistas de cine platicar\u00e1n con un experto en inteligencia artificial. Juntos explorar\u00e1n cu\u00e1les son las ventajas y desventajas \u2014as\u00ed como los riesgos\u2014 de usar a la IA como una herramienta de creaci\u00f3n de contenidos tanto en la industria cinematogr\u00e1fica como en el periodismo y la cr\u00edtica f\u00edlmica.<\/p>\n<p><strong>GIFF<\/strong> tiene el privilegio de poner bajo los reflectores al cine suizo en esta vigesimosexta edici\u00f3n. Esta naci\u00f3n centroeuropea se ha caracterizado no s\u00f3lo por su peculiar composici\u00f3n pol\u00edtica y ling\u00fc\u00edstica, sino tambi\u00e9n por la defensa f\u00e9rrea de su neutralidad, lo cual le ha permitido ser un refugio para el arte y la cultura, que han florecido ah\u00ed de manera especial.<\/p>\n<p>Fundado en 1998 por <strong>Sarah Hoch<\/strong> y <strong>Ernesto Herrera<\/strong>, el <strong>GIFF<\/strong> se ha constituido a lo largo de este cuarto de siglo como un n\u00facleo vital de formaci\u00f3n que contribuye al \u00e9xito de los nuevos cineastas, actores, productores, guionistas y t\u00e9cnicos de nuestro pa\u00eds. Desde entonces, la visi\u00f3n del <strong>Festival Internacional de Cine Guanajuato<\/strong> radica en la importancia de renovarse y aplicar estrategias novedosas. Tienen el compromiso de atender a nuevos p\u00fablicos, adoptar nuevas tecnolog\u00edas y tomar en cuenta todos los \u00e1mbitos envueltos por el universo cinematogr\u00e1fico. A veinticinco a\u00f1os de los primeros pasos su vigor se encuentra intacto, aunque la responsabilidad es mayor. Hoy m\u00e1s que nunca est\u00e1n enfocados en la creaci\u00f3n de nuevas experiencias y en la generaci\u00f3n de acciones que propicien el m\u00e1ximo potencial para la creaci\u00f3n f\u00edlmica.<\/p>\n","protected":false},"excerpt":{"rendered":"<p>La vigesimosexta edici\u00f3n del Festival Internacional de Cine Guanajuato (GIFF)\u00a0se prepara para presentar una amplia gama de lo mejor cine internacional y mexicano con una selecci\u00f3n oficial de 201 pel\u00edculas provenientes de 49 pa\u00edses. La ceremonia de inauguraci\u00f3n del GIFF, el jueves 20 de julio a las 7:00 PM,\u00a0contar\u00e1 con la destacada presencia del actor\u00a0Arap [&hellip;]<\/p>\n","protected":false},"author":2,"featured_media":17769,"comment_status":"closed","ping_status":"open","sticky":false,"template":"","format":"standard","meta":[],"categories":[93,146,2],"tags":[9567,1300],"wppr_data":{"cwp_meta_box_check":"No"},"_links":{"self":[{"href":"https:\/\/www.notaoficial.com\/s\/wp-json\/wp\/v2\/posts\/17768"}],"collection":[{"href":"https:\/\/www.notaoficial.com\/s\/wp-json\/wp\/v2\/posts"}],"about":[{"href":"https:\/\/www.notaoficial.com\/s\/wp-json\/wp\/v2\/types\/post"}],"author":[{"embeddable":true,"href":"https:\/\/www.notaoficial.com\/s\/wp-json\/wp\/v2\/users\/2"}],"replies":[{"embeddable":true,"href":"https:\/\/www.notaoficial.com\/s\/wp-json\/wp\/v2\/comments?post=17768"}],"version-history":[{"count":1,"href":"https:\/\/www.notaoficial.com\/s\/wp-json\/wp\/v2\/posts\/17768\/revisions"}],"predecessor-version":[{"id":17770,"href":"https:\/\/www.notaoficial.com\/s\/wp-json\/wp\/v2\/posts\/17768\/revisions\/17770"}],"wp:featuredmedia":[{"embeddable":true,"href":"https:\/\/www.notaoficial.com\/s\/wp-json\/wp\/v2\/media\/17769"}],"wp:attachment":[{"href":"https:\/\/www.notaoficial.com\/s\/wp-json\/wp\/v2\/media?parent=17768"}],"wp:term":[{"taxonomy":"category","embeddable":true,"href":"https:\/\/www.notaoficial.com\/s\/wp-json\/wp\/v2\/categories?post=17768"},{"taxonomy":"post_tag","embeddable":true,"href":"https:\/\/www.notaoficial.com\/s\/wp-json\/wp\/v2\/tags?post=17768"}],"curies":[{"name":"wp","href":"https:\/\/api.w.org\/{rel}","templated":true}]}}