{"id":17794,"date":"2023-07-22T00:58:33","date_gmt":"2023-07-22T04:58:33","guid":{"rendered":"https:\/\/www.notaoficial.com\/s\/?p=17794"},"modified":"2023-07-22T00:58:33","modified_gmt":"2023-07-22T04:58:33","slug":"karla-cueva-impacto-con-la-farsa-en-el-top-global","status":"publish","type":"post","link":"https:\/\/www.notaoficial.com\/s\/2023\/07\/22\/karla-cueva-impacto-con-la-farsa-en-el-top-global\/","title":{"rendered":"Karla Cueva Impacto con \u00bb La Farsa \u00bb en el Top Global"},"content":{"rendered":"<div><span style=\"color: #000000;\"><span>Karla Cueva, la talentosa cantante ecuatoriana, est\u00e1 disfrutando del \u00e9xito de su m\u00e1s reciente sencillo: \u00abLa Farsa\u00bb<\/span><br \/>\n<\/span><\/div>\n<div>\n<p align=\"justify\"><span>La canci\u00f3n ha logrado posicionarse dentro del Top 10 General en Ecuador, escalando r\u00e1pidamente hasta alcanzar n\u00famero 1 de monitorLATINO en su pa\u00eds.<\/span><\/p>\n<p align=\"justify\"><span>La verdad es que en Am\u00e9rica Latina no hay fronteras, y gracias a artistas como Karla el popular regional se mantiene como un g\u00e9nero familiar en otros pa\u00edses.<\/span><\/p>\n<p align=\"justify\"><span>El talento vocal de Karla Cueva y su habilidad para transmitir emociones han sido clave en el \u00e9xito de \u00abLa Farsa\u00bb. Su voz melodiosa y poderosa cautiva a los oyentes, llev\u00e1ndolos en un viaje musical lleno de pasi\u00f3n y fuerza.<\/span><\/p>\n<p align=\"justify\"><span>\u201cLa Farsa\u201d es un tema de empoderamiento femenino, pues habla de una mujer que, cansada del juego de su pareja, le dice que si la deja ella no le va a rogar.<\/span><\/p>\n<p align=\"justify\"><span>La propia Karla Cueva ha declarado que sus canciones est\u00e1n dirigidas al p\u00fablico femenino. \u201cYo canto para nosotras\u201d, afirma. \u201cYo quiero que las mujeres se sientan valoradas, empoderadas, tranquilas, seguras\u201d.<\/span><\/p>\n<p align=\"justify\"><span>Como muchas otras carreras de hoy, la de Karla comenz\u00f3 en las redes sociales, pero r\u00e1pidamente ha tomado impulso y ya se le identifica no solo como pionera del g\u00e9nero popular regional en Ecuador, sino como una artista singular.<\/span><\/p>\n<p align=\"justify\"><span>Obviamente, el logro de \u00abLa Farsa\u00bb, al llegar al n\u00famero 1 en Ecuador, es un hito significativo en la carrera de Karla Cueva, quien tiene un futuro prometedor por delante junto a su equipo de trabajo del reconocido label RR Entertainment de Ronny Rodr\u00edguez, manager de Tres Dedos y otros artistas ecuatorianos que han logrado consolidarse en la industria de la m\u00fasica.<\/span><\/p>\n<p align=\"justify\"><span>Para\u00a0<\/span><span>saber\u00a0m\u00e1s\u00a0de Karla Cueva s\u00edguela en\u00a0<a href=\"https:\/\/www.instagram.com\/karlacuevaoficial\/\" target=\"_blank\" rel=\"noopener\" data-saferedirecturl=\"https:\/\/www.google.com\/url?q=https:\/\/www.instagram.com\/karlacuevaoficial\/&amp;source=gmail&amp;ust=1690088102971000&amp;usg=AOvVaw1S8vfMwIG1BkECGexCDxE9\">Instagram<\/a><\/span><\/p>\n<p><span style=\"color: #000000;\"><a href=\"https:\/\/youtu.be\/rP0z4pgHVNE\" target=\"_blank\" rel=\"noopener\" data-saferedirecturl=\"https:\/\/www.google.com\/url?q=https:\/\/youtu.be\/rP0z4pgHVNE&amp;source=gmail&amp;ust=1690088102971000&amp;usg=AOvVaw2OjdVBhxuVzCAkl_5kTqjN\"><span>https:\/\/youtu.be\/rP0z4pgHVNE<\/span><\/a><\/span><\/div>\n","protected":false},"excerpt":{"rendered":"<p>Karla Cueva, la talentosa cantante ecuatoriana, est\u00e1 disfrutando del \u00e9xito de su m\u00e1s reciente sencillo: \u00abLa Farsa\u00bb La canci\u00f3n ha logrado posicionarse dentro del Top 10 General en Ecuador, escalando r\u00e1pidamente hasta alcanzar n\u00famero 1 de monitorLATINO en su pa\u00eds. La verdad es que en Am\u00e9rica Latina no hay fronteras, y gracias a artistas como [&hellip;]<\/p>\n","protected":false},"author":2,"featured_media":17801,"comment_status":"closed","ping_status":"open","sticky":false,"template":"","format":"standard","meta":[],"categories":[463],"tags":[10234,381],"wppr_data":{"cwp_meta_box_check":"No"},"_links":{"self":[{"href":"https:\/\/www.notaoficial.com\/s\/wp-json\/wp\/v2\/posts\/17794"}],"collection":[{"href":"https:\/\/www.notaoficial.com\/s\/wp-json\/wp\/v2\/posts"}],"about":[{"href":"https:\/\/www.notaoficial.com\/s\/wp-json\/wp\/v2\/types\/post"}],"author":[{"embeddable":true,"href":"https:\/\/www.notaoficial.com\/s\/wp-json\/wp\/v2\/users\/2"}],"replies":[{"embeddable":true,"href":"https:\/\/www.notaoficial.com\/s\/wp-json\/wp\/v2\/comments?post=17794"}],"version-history":[{"count":1,"href":"https:\/\/www.notaoficial.com\/s\/wp-json\/wp\/v2\/posts\/17794\/revisions"}],"predecessor-version":[{"id":17802,"href":"https:\/\/www.notaoficial.com\/s\/wp-json\/wp\/v2\/posts\/17794\/revisions\/17802"}],"wp:featuredmedia":[{"embeddable":true,"href":"https:\/\/www.notaoficial.com\/s\/wp-json\/wp\/v2\/media\/17801"}],"wp:attachment":[{"href":"https:\/\/www.notaoficial.com\/s\/wp-json\/wp\/v2\/media?parent=17794"}],"wp:term":[{"taxonomy":"category","embeddable":true,"href":"https:\/\/www.notaoficial.com\/s\/wp-json\/wp\/v2\/categories?post=17794"},{"taxonomy":"post_tag","embeddable":true,"href":"https:\/\/www.notaoficial.com\/s\/wp-json\/wp\/v2\/tags?post=17794"}],"curies":[{"name":"wp","href":"https:\/\/api.w.org\/{rel}","templated":true}]}}