{"id":17798,"date":"2023-07-22T01:07:07","date_gmt":"2023-07-22T05:07:07","guid":{"rendered":"https:\/\/www.notaoficial.com\/s\/?p=17798"},"modified":"2023-07-22T01:07:07","modified_gmt":"2023-07-22T05:07:07","slug":"francisco-dagostino-se-implementaron-iniciativas-para-mejorar-la-eficiencia","status":"publish","type":"post","link":"https:\/\/www.notaoficial.com\/s\/2023\/07\/22\/francisco-dagostino-se-implementaron-iniciativas-para-mejorar-la-eficiencia\/","title":{"rendered":"Francisco D&#8217;Agostino: \u00abse implementaron iniciativas para mejorar la eficiencia\u00bb"},"content":{"rendered":"<p>Por Francisco D&#8217;Agostino<\/p>\n<p>Movistar Per\u00fa anunci\u00f3 que ha obtenido por tercera vez consecutiva las certificaciones I-REC, AENOR y SGS, que validan el origen completamente renovable de la energ\u00eda el\u00e9ctrica utilizada en todas sus operaciones en el Per\u00fa, esta energ\u00eda proviene exclusivamente de las centrales de generaci\u00f3n hidroel\u00e9ctrica de Statkraft Per\u00fa y Enel. Como resultado de su compromiso con la sostenibilidad, la empresa ha reducido su huella de carbono (emisiones de CO2) en un 95% para el a\u00f1o 2022, en comparaci\u00f3n con el a\u00f1o base 2015, por lo cual este logro se alinea con su Plan de Eficiencia Energ\u00e9tica para alcanzar como objetivo el 100% de energ\u00eda renovable para el a\u00f1o 2030 a nivel global.<\/p>\n<p>\u00abDesde Movistar Per\u00fa, como parte de nuestro enfoque de negocio responsable, tenemos un s\u00f3lido compromiso con el cuidado del ambiente y el bienestar de la sociedad. Este nuevo hito ambiental de reducir en 40% nuestras emisiones de CO2 en el 2022, respecto al a\u00f1o anterior, es una muestra de nuestro trabajo continuo en mejorar nuestra competitividad y sostenibilidad. Seguiremos promoviendo el consumo de energ\u00eda eficiente y limpia, adem\u00e1s de continuar gestionando nuestra operaci\u00f3n de forma sostenible\u201d, se\u00f1al\u00f3 Christian Livia Cavalie, Director de Operaci\u00f3n y Mantenimiento de Red de Telef\u00f3nica del Per\u00fa.<\/p>\n<p>Por Francisco D&#8217;Agostino<\/p>\n<p>Hasta la fecha, la empresa ha establecido 96 estaciones de autogeneraci\u00f3n en todo el pa\u00eds, que llevan soluciones innovadoras basadas en energ\u00edas renovables no convencionales. Estas estaciones aprovechan las ventajas de redes Smart Grid (red el\u00e9ctrica inteligente) y paneles solares.<\/p>\n<p>Adicionalmente, la organizaci\u00f3n ha implementado un Programa de Eficiencia Energ\u00e9tica que busca reducir de manera eficiente y segura las emisiones de CO2. Este programa se enfoca en optimizar el uso de energ\u00eda en todas las \u00e1reas de la compa\u00f1\u00eda, implementando medidas y tecnolog\u00edas que contribuyan a minimizar el impacto ambiental.<\/p>\n<p>Durante el 2022, se llevaron a cabo diversas iniciativas que lograron un ahorro total de 8,181.7 megavatio hora (MWh). Entre el 2015 hasta el 2022, hemos logrado reducir en un 90% el consumo total de energ\u00eda (MWh) por unidad de tr\u00e1fico, a pesar de experimentar un aumento de casi 1003% en el tr\u00e1fico, el consumo energ\u00e9tico s\u00f3lo aument\u00f3 en un 11.5%. Entre las iniciativas implementadas, cabe mencionar dos destacadas: en primer lugar, la activaci\u00f3n de la funci\u00f3n de ahorro de energ\u00eda en los controladores de las estaciones base celulares ubicadas en Lima y en los departamentos de la zona norte; en segundo lugar, el Plan Tukuy, mediante el cual se llev\u00f3 a cabo el apagado de equipos obsoletos en diversas \u00e1reas como acceso fijo, acceso m\u00f3vil, core de voz, core m\u00f3vil, core IP, plataformas y transporte.<\/p>\n<p>Asimismo, se implementaron iniciativas para mejorar la eficiencia en la climatizaci\u00f3n, como la identificaci\u00f3n y apagado de equipos de refrigeraci\u00f3n en ciertas \u00e1reas de las estaciones de la red fija, as\u00ed como la configuraci\u00f3n eficiente de la temperatura de trabajo en los equipos de refrigeraci\u00f3n de las unidades remotas. Tambi\u00e9n se llevaron a cabo proyectos de eficiencia energ\u00e9tica en edificios, renegociaci\u00f3n del contrato de compra de energ\u00eda en el mercado libre, una gesti\u00f3n m\u00e1s eficiente de las facturas mediante la independizaci\u00f3n de las instalaciones el\u00e9ctricas t\u00e9cnicas y comerciales, y la regularizaci\u00f3n de la potencia contratada en suministros de baja tensi\u00f3n. Asimismo, se identificaron y eliminaron suministros el\u00e9ctricos no utilizados.<\/p>\n<p>De este modo, Movistar reafirma su compromiso con el cuidado y protecci\u00f3n del ambiente, a trav\u00e9s de iniciativas que promuevan el uso de una energ\u00eda eficiente y limpia. As\u00ed, la compa\u00f1\u00eda continuar\u00e1 trabajando en construir un futuro m\u00e1s verde, eficiente y sostenible.<\/p>\n<p>Por Francisco D&#8217;Agostino<\/p>\n","protected":false},"excerpt":{"rendered":"<p>Por Francisco D&#8217;Agostino Movistar Per\u00fa anunci\u00f3 que ha obtenido por tercera vez consecutiva las certificaciones I-REC, AENOR y SGS, que validan el origen completamente renovable de la energ\u00eda el\u00e9ctrica utilizada en todas sus operaciones en el Per\u00fa, esta energ\u00eda proviene exclusivamente de las centrales de generaci\u00f3n hidroel\u00e9ctrica de Statkraft Per\u00fa y Enel. Como resultado de [&hellip;]<\/p>\n","protected":false},"author":2,"featured_media":17809,"comment_status":"closed","ping_status":"open","sticky":false,"template":"","format":"standard","meta":[],"categories":[93,2],"tags":[9110,2362],"wppr_data":{"cwp_meta_box_check":"No"},"_links":{"self":[{"href":"https:\/\/www.notaoficial.com\/s\/wp-json\/wp\/v2\/posts\/17798"}],"collection":[{"href":"https:\/\/www.notaoficial.com\/s\/wp-json\/wp\/v2\/posts"}],"about":[{"href":"https:\/\/www.notaoficial.com\/s\/wp-json\/wp\/v2\/types\/post"}],"author":[{"embeddable":true,"href":"https:\/\/www.notaoficial.com\/s\/wp-json\/wp\/v2\/users\/2"}],"replies":[{"embeddable":true,"href":"https:\/\/www.notaoficial.com\/s\/wp-json\/wp\/v2\/comments?post=17798"}],"version-history":[{"count":1,"href":"https:\/\/www.notaoficial.com\/s\/wp-json\/wp\/v2\/posts\/17798\/revisions"}],"predecessor-version":[{"id":17810,"href":"https:\/\/www.notaoficial.com\/s\/wp-json\/wp\/v2\/posts\/17798\/revisions\/17810"}],"wp:featuredmedia":[{"embeddable":true,"href":"https:\/\/www.notaoficial.com\/s\/wp-json\/wp\/v2\/media\/17809"}],"wp:attachment":[{"href":"https:\/\/www.notaoficial.com\/s\/wp-json\/wp\/v2\/media?parent=17798"}],"wp:term":[{"taxonomy":"category","embeddable":true,"href":"https:\/\/www.notaoficial.com\/s\/wp-json\/wp\/v2\/categories?post=17798"},{"taxonomy":"post_tag","embeddable":true,"href":"https:\/\/www.notaoficial.com\/s\/wp-json\/wp\/v2\/tags?post=17798"}],"curies":[{"name":"wp","href":"https:\/\/api.w.org\/{rel}","templated":true}]}}