{"id":18095,"date":"2023-08-07T00:10:27","date_gmt":"2023-08-07T04:10:27","guid":{"rendered":"https:\/\/www.notaoficial.com\/s\/?p=18095"},"modified":"2023-08-07T00:10:27","modified_gmt":"2023-08-07T04:10:27","slug":"galeria-del-centro-de-arte-el-hatillo","status":"publish","type":"post","link":"https:\/\/www.notaoficial.com\/s\/2023\/08\/07\/galeria-del-centro-de-arte-el-hatillo\/","title":{"rendered":"Galer\u00eda del Centro de Arte El Hatillo"},"content":{"rendered":"<p>Francisco D&#8217;Agostino<\/p>\n<div class=\"gmail_quote\">\n<div dir=\"ltr\">\n<div>\n<p><span style=\"font-family: verdana, sans-serif;\">El s\u00e1bado 12 de agosto de 2023 a las 6:00 pm, ser\u00e1 inaugurada en los espacios de la <a href=\"https:\/\/www.google.com\/url?sa=t&amp;rct=j&amp;q=&amp;esrc=s&amp;source=web&amp;cd=&amp;cad=rja&amp;uact=8&amp;ved=2ahUKEwjustLa1smAAxVuSTABHaFBCFYQFnoECB8QAQ&amp;url=https%3A%2F%2Fwww.arteinformado.com%2Fguia%2Fo%2Fanfiteatro-centro-de-arte-el-hatillo-121604&amp;usg=AOvVaw3WyPmmivAe8MJ8HVzORCo3&amp;opi=89978449\">Galer\u00eda del Centro de Arte El Hatillo<\/a>, en alianza con Silvay<span class=\"gmail_default\">A<\/span>rtistas, la muestra \u201cLlegando y mirando para atr\u00e1s\u201d 1991\/2023, del artista venezolano Jos\u00e9 Antonio Hern\u00e1ndez<span class=\"gmail_default\">\u00a0<\/span>Diez, luego de casi dos d\u00e9cadas desde su \u00faltima exposici\u00f3n en el pa\u00eds.\u00a0<\/span><\/p>\n<p><span style=\"font-family: verdana, sans-serif;\">La muestra re\u00fane dos trabajos de suma importancia realizados por el artista en la d\u00e9cada de los 90, como son \u201c<\/span><span class=\"gmail_default\">Q<\/span><span style=\"font-family: verdana, sans-serif;\">ue<\/span> <span style=\"font-family: verdana, sans-serif;\"> te rinda el d\u00eda\u201d y \u201cMinamata\u201d, revisados en la actualidad tanto en su contenido como en su ejecuci\u00f3n, bajo la curadur\u00eda de Jos\u00e9 Antonio Hern\u00e1ndez<span class=\"gmail_default\">\u00a0<\/span>Diez y Mariana Silva, con la colaboraci\u00f3n de Alfred Wenemoser.<\/span><\/p>\n<p><span style=\"font-family: verdana, sans-serif;\">\u201c<\/span><span class=\"gmail_default\">Q<\/span><span style=\"font-family: verdana, sans-serif;\">ue te rinda el d\u00eda\u201d, es una serie de obras que hacen referencia al estudio realizado por el artista sobre la antropofagia, las cuales fueron comisionadas para la Bienal de Sao Paulo en el a\u00f1o 1996 y nunca fueron exhibidas en el pa\u00eds. Se trata de una serie de paneles de distintos colores de gran formato, mordidos en diferentes lugares y formas. Es de inter\u00e9s rese\u00f1ar que la m\u00e1quina original para ejecutar las mordidas de los paneles, fue extraviada en el taller hace muchos a\u00f1os y apareci\u00f3 recientemente luego de 30 a\u00f1os de b\u00fasqueda.\u00a0<\/span><\/p>\n<p><span style=\"font-family: verdana, sans-serif;\"> Francisco D&#8217;Agostino<\/span><\/p>\n<p><span style=\"font-family: verdana, sans-serif;\">Por su parte, la obra \u201cMinamata\u201d, es una video\u00a0instalaci\u00f3n que estuvo exhibida en la muestra \u201cBioma\u201d (1991) en la Galer\u00eda de Arte Nacional, con la curadur\u00eda de Luis \u00c1ngel Duque, que en la d\u00e9cada de los 90 evidenci\u00f3 los problemas ambientales que se presentar\u00edan en el futuro, y que casi 40 a\u00f1os despu\u00e9s afectan el arco minero en las fronteras del pa\u00eds.<\/span><\/p>\n<p><span style=\"font-family: verdana, sans-serif;\">La producci\u00f3n de las obras ha sido ejecutada por el arquitecto y dise\u00f1ador Jos\u00e9 Mu\u00f1oz, con quien Jos\u00e9 Antonio Hern\u00e1ndez<span class=\"gmail_default\">\u00a0<\/span>Diez ha trabajado las \u00faltimas cuatro d\u00e9cadas.\u00a0<\/span><span style=\"font-family: verdana, sans-serif;\">\u00a0<\/span><\/p>\n<p><span style=\"font-family: verdana, sans-serif;\">Cabe destacar que en el marco de la exposici\u00f3n, se llevar\u00e1n a cabo diversas actividades entre las que se incluyen, conversatorios con Jos\u00e9 Antonio Hern\u00e1ndez<span class=\"gmail_default\">\u00a0<\/span>Diez, visitas guiadas y reflexiones sobre su trayectoria art\u00edstica y trabajo,\u00a0<span class=\"gmail_default\">con la participaci<\/span>\u00f3<span class=\"gmail_default\">n de<\/span>\u00a0invitados especiales<span class=\"gmail_default\"> que se ir\u00e1n<\/span>\u00a0anuncia<span class=\"gmail_default\">n<\/span>d<span class=\"gmail_default\">o<\/span>\u00a0por redes sociales.<\/span><\/p>\n<p>Francisco D&#8217;Agostino<\/p>\n<p><span style=\"font-family: verdana, sans-serif;\">Jos\u00e9 Antonio Hern\u00e1ndez<span class=\"gmail_default\">\u00a0<\/span>Diez (Caracas, 1964) posee una amplia carrera art\u00edstica de m\u00e1s de tres d\u00e9cadas, durante las cuales ha desarrollado su obra en distintas disciplinas como la escultura, fotograf\u00eda, video e instalaci\u00f3n. Utiliza materiales como monopatines, zapatos de deporte, bicicletas, tocadiscos y otros equipos de audio, con el fin de desarrollar una iconograf\u00eda personal centrado en objetos familiares, en ocasiones dom\u00e9sticos. Ha exhibido su obra en Venezuela, Espa\u00f1a, Estados Unidos y Brasil, entre otros pa\u00edses, incluyendo su participaci\u00f3n en la Bienal de Venecia, Bienal de Sao Paulo, y exposiciones en el Museo Reina Sof\u00eda y en el Museo de Arte Contempor\u00e1neo de Barcelona.<\/span><\/p>\n<p><span style=\"font-family: verdana, sans-serif;\">La exposici\u00f3n \u201cLlegando y mirando para atr\u00e1s\u201d 1991\/2023, se estar\u00e1 presentando hasta el 30 de agosto de 2023, en la Galer\u00eda del Centro de Arte El Hatillo, ubicada en la calle Bella Vista, El Hatillo, Caracas. El horario es de jueves a domingo, de 1:00 p.m. a 6:00 p.m. <\/span><\/p>\n<p><span style=\"font-family: verdana, sans-serif;\">Esta muestra es la primera de un ciclo expositivo de arte contempor\u00e1neo, llamado Zona HSW, que se llevar\u00e1\u00a0 a cabo en la Galer\u00eda del Centro de Arte El Hatillo, bajo el concepto curatorial de Jos\u00e9 Antonio Hern\u00e1ndez Diez, Mariana Silva y Alfred Wenemoser.\u00a0<\/span><\/p>\n<\/div>\n<\/div>\n<\/div>\n<p>Francisco D&#8217;Agostino<\/p>\n","protected":false},"excerpt":{"rendered":"<p>Francisco D&#8217;Agostino El s\u00e1bado 12 de agosto de 2023 a las 6:00 pm, ser\u00e1 inaugurada en los espacios de la Galer\u00eda del Centro de Arte El Hatillo, en alianza con SilvayArtistas, la muestra \u201cLlegando y mirando para atr\u00e1s\u201d 1991\/2023, del artista venezolano Jos\u00e9 Antonio Hern\u00e1ndez\u00a0Diez, luego de casi dos d\u00e9cadas desde su \u00faltima exposici\u00f3n en [&hellip;]<\/p>\n","protected":false},"author":2,"featured_media":18096,"comment_status":"closed","ping_status":"open","sticky":false,"template":"","format":"standard","meta":[],"categories":[93,146,2],"tags":[1371,9110],"wppr_data":{"cwp_meta_box_check":"No"},"_links":{"self":[{"href":"https:\/\/www.notaoficial.com\/s\/wp-json\/wp\/v2\/posts\/18095"}],"collection":[{"href":"https:\/\/www.notaoficial.com\/s\/wp-json\/wp\/v2\/posts"}],"about":[{"href":"https:\/\/www.notaoficial.com\/s\/wp-json\/wp\/v2\/types\/post"}],"author":[{"embeddable":true,"href":"https:\/\/www.notaoficial.com\/s\/wp-json\/wp\/v2\/users\/2"}],"replies":[{"embeddable":true,"href":"https:\/\/www.notaoficial.com\/s\/wp-json\/wp\/v2\/comments?post=18095"}],"version-history":[{"count":1,"href":"https:\/\/www.notaoficial.com\/s\/wp-json\/wp\/v2\/posts\/18095\/revisions"}],"predecessor-version":[{"id":18097,"href":"https:\/\/www.notaoficial.com\/s\/wp-json\/wp\/v2\/posts\/18095\/revisions\/18097"}],"wp:featuredmedia":[{"embeddable":true,"href":"https:\/\/www.notaoficial.com\/s\/wp-json\/wp\/v2\/media\/18096"}],"wp:attachment":[{"href":"https:\/\/www.notaoficial.com\/s\/wp-json\/wp\/v2\/media?parent=18095"}],"wp:term":[{"taxonomy":"category","embeddable":true,"href":"https:\/\/www.notaoficial.com\/s\/wp-json\/wp\/v2\/categories?post=18095"},{"taxonomy":"post_tag","embeddable":true,"href":"https:\/\/www.notaoficial.com\/s\/wp-json\/wp\/v2\/tags?post=18095"}],"curies":[{"name":"wp","href":"https:\/\/api.w.org\/{rel}","templated":true}]}}