{"id":18187,"date":"2023-08-11T23:31:29","date_gmt":"2023-08-12T03:31:29","guid":{"rendered":"https:\/\/www.notaoficial.com\/s\/?p=18187"},"modified":"2023-08-11T23:31:29","modified_gmt":"2023-08-12T03:31:29","slug":"la-inteligencia-artificial-puede-contribuir","status":"publish","type":"post","link":"https:\/\/www.notaoficial.com\/s\/2023\/08\/11\/la-inteligencia-artificial-puede-contribuir\/","title":{"rendered":"La inteligencia artificial puede contribuir"},"content":{"rendered":"<p>Francisco D&#8217;Agostino<\/p>\n<p>La inteligencia artificial (IA) puede contribuir enormemente a la transformaci\u00f3n de los modelos de desarrollo en Am\u00e9rica Latina y el Caribe para hacerlos m\u00e1s productivos, inclusivos y sostenibles, pero, para aprovechar sus oportunidades y minimizar sus potenciales amenazas, se requiere reflexi\u00f3n, visi\u00f3n estrat\u00e9gica, regulaci\u00f3n y coordinaci\u00f3n regional y multilateral, plantearon autoridades y especialistas durante el lanzamiento del primer <a href=\"https:\/\/indicelatam.cl\/\" data-saferedirecturl=\"https:\/\/www.google.com\/url?q=https:\/\/indicelatam.cl\/&amp;source=gmail&amp;ust=1691897228168000&amp;usg=AOvVaw0s_yU5rqM4W9WReHAvv5Oj\">\u00cdndice Latinoamericano de Inteligencia Artificial<\/a> (ILIA) en la CEPAL.<\/p>\n<p>El evento titulado <a href=\"https:\/\/www.cepal.org\/es\/eventos\/ia-desarrollo-sostenible-america-latina-lanzamiento-primer-indice-latinoamericano\" data-saferedirecturl=\"https:\/\/www.google.com\/url?q=https:\/\/www.cepal.org\/es\/eventos\/ia-desarrollo-sostenible-america-latina-lanzamiento-primer-indice-latinoamericano&amp;source=gmail&amp;ust=1691897228168000&amp;usg=AOvVaw37b3pbkdYSu-qWlgA776Pz\">IA para el desarrollo sostenible de Am\u00e9rica Latina<\/a> tuvo lugar en la sede de la Comisi\u00f3n Econ\u00f3mica para Am\u00e9rica Latina y el Caribe (CEPAL) en Santiago de Chile y cont\u00f3 con palabras de bienvenida de Jos\u00e9 Manuel Salazar-Xirinachs, Secretario Ejecutivo de la CEPAL, quien recalc\u00f3 la necesidad de que \u201cla inteligencia artificial se trabaje de manera expl\u00edcita y deliberada en el marco de las pol\u00edticas de desarrollo productivo de los pa\u00edses de la regi\u00f3n y de sus territorios\u201d.<\/p>\n<p>Para aprovechar al m\u00e1ximo el potencial de la inteligencia artificial se requiere de un entorno habilitante que incluya infraestructura digital, disponibilidad de datos, talentos digitales y capacidades de innovaci\u00f3n y emprendimiento digital, subray\u00f3 el alto funcionario de las Naciones Unidas, saludando la elaboraci\u00f3n del ILIA por parte del Centro Nacional de Inteligencia Artificial (CENIA) de Chile.<\/p>\n<p>Francisco D&#8217;Agostino<\/p>\n<p>No obstante, Jos\u00e9 Manuel Salazar-Xirinachs manifest\u00f3 que \u201cdebemos estar muy atentos a las cuestiones \u00e9ticas respecto a su implementaci\u00f3n y debemos profundizar sobre los retos relacionados con la privacidad de los datos, as\u00ed como con los sesgos y discriminaci\u00f3n en las decisiones basadas en algoritmos inteligentes\u201d.<\/p>\n<p>\u201cTodos estos son aspectos sobre los que venimos trabajando con nuestra <a href=\"https:\/\/www.cepal.org\/es\/proyectos\/agenda-digital-america-latina-caribe-elac2024\" data-saferedirecturl=\"https:\/\/www.google.com\/url?q=https:\/\/www.cepal.org\/es\/proyectos\/agenda-digital-america-latina-caribe-elac2024&amp;source=gmail&amp;ust=1691897228168000&amp;usg=AOvVaw32DJOIgEN5m-z3SJcqBw6j\">Agenda Digital para Am\u00e9rica Latina y el Caribe (eLAC)<\/a>, con miras a la <a href=\"https:\/\/www.cepal.org\/es\/organos-subsidiarios\/conferencia-ministerial-la-sociedad-la-informacion-america-latina-caribe\" data-saferedirecturl=\"https:\/\/www.google.com\/url?q=https:\/\/www.cepal.org\/es\/organos-subsidiarios\/conferencia-ministerial-la-sociedad-la-informacion-america-latina-caribe&amp;source=gmail&amp;ust=1691897228168000&amp;usg=AOvVaw1vORdwKZPOkjiLvhQbxwNh\">Novena Conferencia Ministerial sobre la Sociedad de la Informaci\u00f3n de Am\u00e9rica Latina y el Caribe<\/a>, a realizarse en Santiago de Chile en 2024\u201d, explic\u00f3.<\/p>\n<p>\u201cLa CEPAL, como secretar\u00eda t\u00e9cnica del eLAC, y gracias al apoyo de la Uni\u00f3n Europea, a trav\u00e9s de la Alianza Digital Uni\u00f3n Europea-Am\u00e9rica Latina y el Caribe, seguir\u00e1 apoyando a los pa\u00edses de la regi\u00f3n para avanzar en la construcci\u00f3n de entornos habilitadores, vinculando los esfuerzos de transformaci\u00f3n digital con los de desarrollo productivo, y buscando proporcionar una gobernanza de datos que permitan construir la senda hacia un desarrollo sostenible e inclusivo\u201d, expres\u00f3 el Secretario Ejecutivo de la CEPAL.<\/p>\n<p>En el encuentro tambi\u00e9n intervinieron Ewout Sandker, Jefe de Cooperaci\u00f3n de la Delegaci\u00f3n de la Uni\u00f3n Europea en Chile; Ais\u00e9n Etcheverry, Ministra de Ciencia, Tecnolog\u00eda, Conocimiento e Innovaci\u00f3n de Chile, quien ofreci\u00f3 una presentaci\u00f3n sobre la inteligencia artificial y el desarrollo cient\u00edfico de Am\u00e9rica Latina, y Eve Andersson, Directora Senior de Google Alphabet, a cargo de una charla magistral denominada \u201cLa importancia de la IA para el desarrollo humano en Am\u00e9rica Latina\u201d.<\/p>\n<p>La inteligencia artificial \u201ces un tema que tiene un gran potencial para la cooperaci\u00f3n birregional\u201d, coincidi\u00f3 Ewout Sandker. \u201cUno de los principales frutos de la Cumbre UE-CELAC del 17 y 18 de julio fue la Alianza Digital Uni\u00f3n Europea-Am\u00e9rica Latina y el Caribe, resultando en un compromiso conjunto para impulsar una transformaci\u00f3n digital con un enfoque centrado en el ser humano\u201d, dijo.<\/p>\n<p>\u201cCuando miramos los desaf\u00edos regulatorios o de desarrollo de pol\u00edticas p\u00fablicas, y lo hacemos con una mirada multilateral, lo que logramos son est\u00e1ndares internacionales que ayudan precisamente a que la tecnolog\u00eda se desarrolle de buena manera y que los valores que sustentan ese desarrollo tecnol\u00f3gico sean tambi\u00e9n compartidos por pa\u00edses y naciones que pensamos parecido. Y eso es un gran aporte de esta comunidad en torno a la ciencia y la tecnolog\u00eda que se ha generado no solo en Chile sino tambi\u00e9n en el resto de Latinoam\u00e9rica\u201d, subray\u00f3, por su parte, la Ministra Ais\u00e9n Etcheverry.<\/p>\n<p>Francisco D&#8217;Agostino<\/p>\n<p>\u201cEstamos seguros de que el primer \u00cdndice Latinoamericano de Inteligencia Artificial ser\u00e1 un tremendo aporte para el desarrollo de pol\u00edticas p\u00fablicas, que se suma al esfuerzo compartido que estamos haciendo muchos pa\u00edses de Am\u00e9rica Latina y el Caribe\u201d, remarc\u00f3 la titular de la cartera de Ciencia, Tecnolog\u00eda, Conocimiento e Innovaci\u00f3n de Chile.<\/p>\n<p>Durante su intervenci\u00f3n, Eve Andersson, Directora Senior de Google Alphabet, abord\u00f3 la utilizaci\u00f3n de la IA para crear una tecnolog\u00eda inclusiva, entregando diversos ejemplos concretos. \u201cEn Google hemos desarrollado softwares en las \u00e1reas de accesibilidad para personas con discapacidad y equidad e inclusi\u00f3n\u201d, indic\u00f3 la representante y resalt\u00f3 que \u201cse puede usar la tecnolog\u00eda para superar los sesgos humanos naturales\u201d, entre ellos los de g\u00e9nero.<\/p>\n<p>El primer \u00cdndice Latinoamericano de Inteligencia Artificial fue elaborado por CENIA con el apoyo del Banco Interamericano de Desarrollo (BID), la CAF-banco de desarrollo de Am\u00e9rica Latina y el Caribe y la Organizaci\u00f3n de los Estados Americanos (OEA), m\u00e1s la asistencia t\u00e9cnica de la Organizaci\u00f3n de las Naciones Unidas para la Educaci\u00f3n, la Ciencia y la Cultura (UNESCO) y el HAI de Stanford.<\/p>\n<p>Se trata de un estudio pionero que revela la situaci\u00f3n de la IA en 12 pa\u00edses de la regi\u00f3n: Argentina, Bolivia, Chile, Per\u00fa, Colombia, Uruguay, Paraguay, Costa Rica, Ecuador, Panam\u00e1, Brasil y M\u00e9xico, explicaron \u00c1lvaro Soto, Director CENIA, y Rodrigo Dur\u00e1n Rojas, Director de Vinculaci\u00f3n de la misma instituci\u00f3n.<\/p>\n<p>El ILIA considera el contexto material, social y cultural de la regi\u00f3n y analiza cinco dimensiones: factores habilitantes (elementos que son necesarios para se desarrolle un sistema de IA robusto en el pa\u00eds); investigaci\u00f3n, desarrollo y adopci\u00f3n; gobernanza (nivel de desarrollo del entorno institucional); percepci\u00f3n (t\u00f3picos dominantes en redes sociales y medios digitales); y futuro (tendencias acad\u00e9micas y visi\u00f3n de los expertos del impacto social).<\/p>\n<p>\u201cAm\u00e9rica Latina es una regi\u00f3n tan diversa como sus paisajes. Hay pa\u00edses con tremendo desarrollo de la inteligencia artificial a nivel relativo\u201d y otros donde no se da la misma situaci\u00f3n, se\u00f1al\u00f3 Rodrigo Dur\u00e1n. Ning\u00fan pa\u00eds concentra todos los aspectos que se consideran esenciales en este \u00edndice, pero todos tienen algo que aprender del resto y todos tienen algo que ense\u00f1arle al otro, enfatiz\u00f3 el representante. M\u00e9xico y Brasil concentran cerca del 95% de las patentes de inteligencia artificial, ejemplific\u00f3.<\/p>\n<p>Hay una correlaci\u00f3n muy estrecha entre los factores habilitantes y los desempe\u00f1os relativos a nivel regional, revel\u00f3 Dur\u00e1n. Por ello, la atenci\u00f3n de las pol\u00edticas p\u00fablicas y de los organismos de cooperaci\u00f3n internacional deber\u00eda estar enfocada en los factores habilitantes para lograr un desarrollo m\u00e1s r\u00e1pido, sustentable y justo de los sistemas de inteligencia artificial, sintetiz\u00f3.<\/p>\n<p>El evento incluy\u00f3 un panel de debate sobre la necesidad de avanzar hacia una visi\u00f3n propia respecto de los beneficios y amenazas de la IA, su v\u00ednculo con las agendas de transformaci\u00f3n digital y su impacto productivo, social e institucional.<\/p>\n<p>Francisco D&#8217;Agostino<\/p>\n","protected":false},"excerpt":{"rendered":"<p>Francisco D&#8217;Agostino La inteligencia artificial (IA) puede contribuir enormemente a la transformaci\u00f3n de los modelos de desarrollo en Am\u00e9rica Latina y el Caribe para hacerlos m\u00e1s productivos, inclusivos y sostenibles, pero, para aprovechar sus oportunidades y minimizar sus potenciales amenazas, se requiere reflexi\u00f3n, visi\u00f3n estrat\u00e9gica, regulaci\u00f3n y coordinaci\u00f3n regional y multilateral, plantearon autoridades y especialistas [&hellip;]<\/p>\n","protected":false},"author":2,"featured_media":18188,"comment_status":"closed","ping_status":"open","sticky":false,"template":"","format":"standard","meta":[],"categories":[93,146,2],"tags":[1027,9110],"wppr_data":{"cwp_meta_box_check":"No"},"_links":{"self":[{"href":"https:\/\/www.notaoficial.com\/s\/wp-json\/wp\/v2\/posts\/18187"}],"collection":[{"href":"https:\/\/www.notaoficial.com\/s\/wp-json\/wp\/v2\/posts"}],"about":[{"href":"https:\/\/www.notaoficial.com\/s\/wp-json\/wp\/v2\/types\/post"}],"author":[{"embeddable":true,"href":"https:\/\/www.notaoficial.com\/s\/wp-json\/wp\/v2\/users\/2"}],"replies":[{"embeddable":true,"href":"https:\/\/www.notaoficial.com\/s\/wp-json\/wp\/v2\/comments?post=18187"}],"version-history":[{"count":1,"href":"https:\/\/www.notaoficial.com\/s\/wp-json\/wp\/v2\/posts\/18187\/revisions"}],"predecessor-version":[{"id":18189,"href":"https:\/\/www.notaoficial.com\/s\/wp-json\/wp\/v2\/posts\/18187\/revisions\/18189"}],"wp:featuredmedia":[{"embeddable":true,"href":"https:\/\/www.notaoficial.com\/s\/wp-json\/wp\/v2\/media\/18188"}],"wp:attachment":[{"href":"https:\/\/www.notaoficial.com\/s\/wp-json\/wp\/v2\/media?parent=18187"}],"wp:term":[{"taxonomy":"category","embeddable":true,"href":"https:\/\/www.notaoficial.com\/s\/wp-json\/wp\/v2\/categories?post=18187"},{"taxonomy":"post_tag","embeddable":true,"href":"https:\/\/www.notaoficial.com\/s\/wp-json\/wp\/v2\/tags?post=18187"}],"curies":[{"name":"wp","href":"https:\/\/api.w.org\/{rel}","templated":true}]}}