{"id":18190,"date":"2023-08-11T23:33:38","date_gmt":"2023-08-12T03:33:38","guid":{"rendered":"https:\/\/www.notaoficial.com\/s\/?p=18190"},"modified":"2023-08-11T23:33:38","modified_gmt":"2023-08-12T03:33:38","slug":"lauren-reyes-sigue-con-todo-en-la-musica-y-estrenara-party","status":"publish","type":"post","link":"https:\/\/www.notaoficial.com\/s\/2023\/08\/11\/lauren-reyes-sigue-con-todo-en-la-musica-y-estrenara-party\/","title":{"rendered":"Lauren Reyes sigue con todo en la m\u00fasica y estrenar\u00e1 Party"},"content":{"rendered":"<div><span style=\"color: #000000;\">La cantante\u00a0Lauren Reyes\u00a0estrenar\u00e1 el pr\u00f3ximo 18 de agosto el tema\u00a0<em>Party<\/em>, un reggaeton con el que busca conquistar el g\u00e9nero urbano e inspirar a las mujeres para que sean independiente.<span style=\"font-size: large;\"><i><br \/>\n<\/i><\/span><\/span><\/div>\n<div><span style=\"color: #000000;\">\u00a0<\/span><\/div>\n<div><span style=\"color: #000000;\">\u201cLa escribimos entre un grupo de tres personas. Surgi\u00f3 as\u00ed de repente, estaba terminando mi tema anterior, titulado \u2018Marbella\u2019 y de repente sali\u00f3 \u2018<em>Party<\/em>\u2019. Nos inspiramos en esas mujeres independientes\u201d, dijo la colombiana sobre su reciente canci\u00f3n.<br \/>\n<\/span><\/div>\n<div><span style=\"color: #000000;\">\u00a0<\/span><\/div>\n<div><span style=\"color: #000000;\">Asimismo, la artista independiente espera que el tema impacte en la industria musical. \u201cMi expectativa es que escuchen mi m\u00fasica en cualquier lugar y que llegue a todo el mundo entero\u201d.<br \/>\n<\/span><\/div>\n<div><span style=\"color: #000000;\">\u00a0<\/span><\/div>\n<div><span style=\"color: #000000;\">Por su parte, aunque\u00a0Lauren Reyes\u00a0le ha motivado la m\u00fasica desde muy peque\u00f1a, fue hace dos a\u00f1os que inici\u00f3 con todos los hierros en la industria, por lo que su tema\u00a0<em>Marbella<\/em>\u00a0representa su primera canci\u00f3n.<br \/>\n<\/span><\/div>\n<div><span style=\"color: #000000;\">\u00a0<\/span><\/div>\n<div><span style=\"color: #000000;\">La m\u00fasica desde ni\u00f1a la llevo muy dentro de m\u00ed en mis venas, pero inici\u00e9 hace dos a\u00f1os luego de dejar el temor y la falta de confianza en m\u00ed misma y me atrev\u00ed a entrar en el mundo de la m\u00fasica profesionalmente\u201d, cont\u00f3 la cantante, quien actualmente reside en Aruba.<br \/>\n<\/span><\/div>\n<div><span style=\"color: #000000;\">\u00a0<\/span><\/div>\n<div><span style=\"color: #000000;\">Finalmente, la de Barranquilla cont\u00f3 c\u00f3mo quiere que el p\u00fablico la perciba. \u201cComo una mujer innovadora de ritmos, con letras comerciales, pero que le lleguen a la realidad de muchas personas, que se sientan identificados. Pero sobre todo llevar un mensaje de igualdad haci\u00e9ndole saber al mundo que las mujeres estamos marcando una nueva era en la m\u00fasica\u201d.<\/span><\/div>\n<div><span style=\"color: #000000;\">\u00a0<\/span><\/div>\n<div><span style=\"color: #000000;\"><span>Para\u00a0<\/span><span>saber\u00a0m\u00e1s\u00a0de Lauren Reyes s\u00edguela en\u00a0<a href=\"https:\/\/www.instagram.com\/laurenmusicoficial\/\" target=\"_blank\" rel=\"noopener\" data-saferedirecturl=\"https:\/\/www.google.com\/url?q=https:\/\/www.instagram.com\/laurenmusicoficial\/&amp;source=gmail&amp;ust=1691897221629000&amp;usg=AOvVaw3HyRNwu03gPF1Z1sGT6UCO\">Instagram<\/a><\/span><\/span><\/div>\n","protected":false},"excerpt":{"rendered":"<p>La cantante\u00a0Lauren Reyes\u00a0estrenar\u00e1 el pr\u00f3ximo 18 de agosto el tema\u00a0Party, un reggaeton con el que busca conquistar el g\u00e9nero urbano e inspirar a las mujeres para que sean independiente. \u00a0 \u201cLa escribimos entre un grupo de tres personas. Surgi\u00f3 as\u00ed de repente, estaba terminando mi tema anterior, titulado \u2018Marbella\u2019 y de repente sali\u00f3 \u2018Party\u2019. Nos [&hellip;]<\/p>\n","protected":false},"author":2,"featured_media":18191,"comment_status":"closed","ping_status":"open","sticky":false,"template":"","format":"standard","meta":[],"categories":[93,146,2],"tags":[1371,381],"wppr_data":{"cwp_meta_box_check":"No"},"_links":{"self":[{"href":"https:\/\/www.notaoficial.com\/s\/wp-json\/wp\/v2\/posts\/18190"}],"collection":[{"href":"https:\/\/www.notaoficial.com\/s\/wp-json\/wp\/v2\/posts"}],"about":[{"href":"https:\/\/www.notaoficial.com\/s\/wp-json\/wp\/v2\/types\/post"}],"author":[{"embeddable":true,"href":"https:\/\/www.notaoficial.com\/s\/wp-json\/wp\/v2\/users\/2"}],"replies":[{"embeddable":true,"href":"https:\/\/www.notaoficial.com\/s\/wp-json\/wp\/v2\/comments?post=18190"}],"version-history":[{"count":1,"href":"https:\/\/www.notaoficial.com\/s\/wp-json\/wp\/v2\/posts\/18190\/revisions"}],"predecessor-version":[{"id":18192,"href":"https:\/\/www.notaoficial.com\/s\/wp-json\/wp\/v2\/posts\/18190\/revisions\/18192"}],"wp:featuredmedia":[{"embeddable":true,"href":"https:\/\/www.notaoficial.com\/s\/wp-json\/wp\/v2\/media\/18191"}],"wp:attachment":[{"href":"https:\/\/www.notaoficial.com\/s\/wp-json\/wp\/v2\/media?parent=18190"}],"wp:term":[{"taxonomy":"category","embeddable":true,"href":"https:\/\/www.notaoficial.com\/s\/wp-json\/wp\/v2\/categories?post=18190"},{"taxonomy":"post_tag","embeddable":true,"href":"https:\/\/www.notaoficial.com\/s\/wp-json\/wp\/v2\/tags?post=18190"}],"curies":[{"name":"wp","href":"https:\/\/api.w.org\/{rel}","templated":true}]}}