{"id":18350,"date":"2023-08-20T00:55:25","date_gmt":"2023-08-20T04:55:25","guid":{"rendered":"https:\/\/www.notaoficial.com\/s\/?p=18350"},"modified":"2023-08-20T00:55:25","modified_gmt":"2023-08-20T04:55:25","slug":"jose-antonio-ocampo-llama-a-implementar-reformas-profundas","status":"publish","type":"post","link":"https:\/\/www.notaoficial.com\/s\/2023\/08\/20\/jose-antonio-ocampo-llama-a-implementar-reformas-profundas\/","title":{"rendered":"Jos\u00e9 Antonio Ocampo llama a implementar reformas profundas"},"content":{"rendered":"<p>El Profesor de la Escuela de Asuntos Internacionales y P\u00fablicos de la Universidad de Columbia y ex Secretario Ejecutivo de Comisi\u00f3n Econ\u00f3mica para Am\u00e9rica Latina y el Caribe (CEPAL), Jos\u00e9 Antonio Ocampo, llam\u00f3 hoy a implementar reformas profundas al sistema financiero internacional, con base en una nueva arquitectura cimentada en redes de instituciones mundiales, regionales y subregionales, durante una conferencia magistral dictada en la sede principal de la CEPAL en Santiago de Chile.<\/p>\n<p>El tambi\u00e9n ex Ministro de Hacienda y Cr\u00e9dito P\u00fablico de Colombia ofreci\u00f3 una conferencia titulada <strong>\u201cReformas al sistema financiero internacional\u201d<\/strong>, la segunda de un nutrido Ciclo de Conferencias Magistrales organizado en conmemoraci\u00f3n del <a href=\"https:\/\/www.cepal.org\/75-aniversario\/\" data-saferedirecturl=\"https:\/\/www.google.com\/url?q=https:\/\/www.cepal.org\/75-aniversario\/&amp;source=gmail&amp;ust=1692593144310000&amp;usg=AOvVaw3S3LLVIhBIcWLObW0R2iCx\">75\u00ba aniversario<\/a> de la CEPAL. Fue recibido por el Secretario Ejecutivo de esta comisi\u00f3n regional de las Naciones Unidas, Jos\u00e9 Manuel Salazar-Xirinachs.<\/p>\n<p>Durante su exposici\u00f3n, Jos\u00e9 Antonio Ocampo abord\u00f3 cuatro temas fundamentales para la reforma: la banca multilateral de desarrollo, el sistema monetario internacional, la reestructuraci\u00f3n de deudas soberanas, y asuntos institucionales cr\u00edticos.<\/p>\n<p>En relaci\u00f3n con la banca multilateral de desarrollo, destac\u00f3 las ventajas de un sistema denso en el cual, junto a las instituciones mundiales, existan m\u00e1s institucionales regionales e incluso subregionales.<\/p>\n<p>\u201cEste sistema est\u00e1 muy bien desarrollado en el \u00e1mbito de los bancos multilaterales de desarrollo, pero no en el sistema monetario internacional\u201d, advirti\u00f3 Ocampo.<\/p>\n<p>Subray\u00f3 que el Banco Mundial ha sido fundamental en coyunturas cr\u00edticas, como la de 2007-2010, pero los bancos regionales tradicionales han crecido m\u00e1s din\u00e1micamente, como el Banco Interamericano de Desarrollo (BID) y CAF-Banco de Desarrollo de Am\u00e9rica Latina, que han sido los principales aportantes de financiamiento para Am\u00e9rica Latina y el Caribe.<\/p>\n<p>\u201cLa banca de desarrollo debe seguirse expandiendo, para ofrecer tanto soluciones estructurales como contrac\u00edclicas. Es esencial continuar con el financiamiento al sector p\u00fablico y ampliar el apoyo a la provisi\u00f3n de bienes p\u00fablicos internacionales\u201d, afirm\u00f3.<\/p>\n<p>Respecto al sistema monetario internacional, Jos\u00e9 Antonio Ocampo subray\u00f3 que, con toda la volatilidad financiera internacional, uno de los efectos m\u00e1s claros es que los pa\u00edses en desarrollo han tenido que acumular muchas m\u00e1s reservas internacionales que antes. Por eso la demanda de reservas ha crecido significativamente en el tiempo, enfatiz\u00f3.<\/p>\n<p>Precis\u00f3 que entre las posibles reformas al sistema mundial de reservas est\u00e1n el trabajar en un sistema m\u00e1s activo de m\u00faltiples monedas y dar un papel m\u00e1s din\u00e1mico a los derechos especiales de giro (DEGs).<\/p>\n<p>Respecto a la reestructuraci\u00f3n de deudas soberanas, el Profesor de la Universidad de Columbia puntualiz\u00f3 que los mecanismos existentes de renegociaci\u00f3n de deudas no proporcionan un alivio adecuado y oportuno, y no tratan a los deudores y acreedores con reglas uniformes.<\/p>\n<p>Advirti\u00f3 que los problemas crecientes de endeudamiento p\u00fablico se agudizaron con la pandemia del COVID-19 y contin\u00faan siendo muy severos. Por ello, resalt\u00f3 la necesidad de un nuevo mecanismo ad hoc, de uso voluntario, que tenga en cuenta las diferencias entre pa\u00edses y podr\u00eda ser apoyado por bancos multilaterales de desarrollo.<\/p>\n<p>Jos\u00e9 Antonio Ocampo subray\u00f3 la importancia de implementar tres tareas b\u00e1sicas: Continuar las reformas de los organismos de Bretton Woods, ampliando la voz y participaci\u00f3n de los pa\u00edses en desarrollo en los procesos decisorios; en materia econ\u00f3mica, evolucionar hacia un organismo m\u00e1s representativo en la c\u00fapula del sistema de cooperaci\u00f3n econ\u00f3mica internacional; y construir una arquitectura m\u00e1s densa, de varios niveles, especialmente instituciones regionales fuertes.<\/p>\n<p>Al t\u00e9rmino de su exposici\u00f3n, Ocampo agradeci\u00f3 a los asistentes y a la CEPAL por esta invitaci\u00f3n y realiz\u00f3 un reconocimiento especial al organismo, \u201cque no solo es el principal centro de investigaci\u00f3n de las Naciones Unidas, sino tambi\u00e9n el principal centro de investigaci\u00f3n sobre temas de Am\u00e9rica Latina y el Caribe\u201d, declar\u00f3.<\/p>\n<p>En la inauguraci\u00f3n de la conferencia, el Secretario Ejecutivo de la CEPAL, Jos\u00e9 Manuel Salazar-Xirinachs, destac\u00f3 que el mundo ha cambiado y sigue cambiando vertiginosamente. \u201cCambio tecnol\u00f3gico, cambio clim\u00e1tico, cambio demogr\u00e1fico, cambio geoecon\u00f3mico y geopol\u00edtico, por mencionar solo algunos, nos convocan a renovar nuestro pensamiento y a adecuar nuestros diagn\u00f3sticos y recomendaciones a estos y otros cambios que han acaecido en el \u00e1mbito nacional, regional e internacional\u201d, afirm\u00f3.<\/p>\n<p>Agreg\u00f3 que, la conferencia magistral de Jos\u00e9 Antonio Ocampo se da en un momento cr\u00edtico de grandes necesidades de financiamiento y movilizaci\u00f3n de recursos por parte de los pa\u00edses en desarrollo, luego de los enormes esfuerzos fiscales y de pol\u00edtica para responder a la reciente cascada de choques econ\u00f3micos que exacerbaron brechas y necesidades hist\u00f3ricas en los modelos de desarrollo.<\/p>\n<p>Jos\u00e9 Manuel Salazar-Xirinachs subray\u00f3 que la reforma de la arquitectura financiera internacional es uno de los temas que ha venido liderando el Secretario General de las Naciones Unidas, Ant\u00f3nio Guterres, quien plante\u00f3 17 propuestas para la consideraci\u00f3n de los pa\u00edses en el proceso preparativo hacia la Cumbre del Futuro.<\/p>\n<p>Asimismo, el m\u00e1ximo representante de la CEPAL destac\u00f3 que, en su rol de Ministro de Hacienda y Cr\u00e9dito P\u00fablico de Colombia, Jos\u00e9 Antonio Ocampo impuls\u00f3 la creaci\u00f3n de la <a href=\"https:\/\/www.cepal.org\/es\/comunicados\/autoridades-16-paises-aprueban-la-creacion-la-plataforma-regional-cooperacion-tributaria\" data-saferedirecturl=\"https:\/\/www.google.com\/url?q=https:\/\/www.cepal.org\/es\/comunicados\/autoridades-16-paises-aprueban-la-creacion-la-plataforma-regional-cooperacion-tributaria&amp;source=gmail&amp;ust=1692593144310000&amp;usg=AOvVaw2T5HXivGmUHpsBSFobSKTD\"><strong>Plataforma Regional de Cooperaci\u00f3n Tributaria para Am\u00e9rica Latina y el Caribe<\/strong><\/a>, que cuenta con la CEPAL como Secretar\u00eda T\u00e9cnica, y que fue recientemente aprobada por autoridades de 16 pa\u00edses de la regi\u00f3n reunidas en la <a href=\"https:\/\/www.minhacienda.gov.co\/webcenter\/portal\/TributacionIncluyente\/pages_TributacionIncluyente\/icumbrelatinoamericacaribetributacion\" data-saferedirecturl=\"https:\/\/www.google.com\/url?q=https:\/\/www.minhacienda.gov.co\/webcenter\/portal\/TributacionIncluyente\/pages_TributacionIncluyente\/icumbrelatinoamericacaribetributacion&amp;source=gmail&amp;ust=1692593144310000&amp;usg=AOvVaw1mX7mK3b3XWGIfUHa1CSVx\"><strong><em>Primera Cumbre Ministerial de Latinoam\u00e9rica y el Caribe para una tributaci\u00f3n global incluyente, sostenible y equitativa<\/em><\/strong><\/a>, que se realiz\u00f3 del 27 al 28 de julio en Cartagena, Colombia.<\/p>\n<p>El Ciclo de Conferencias Magistrales organizadas en el marco de la conmemoraci\u00f3n del 75\u00ba aniversario de la CEPAL inici\u00f3 el pasado 24 de julio con la <a href=\"https:\/\/www.cepal.org\/es\/comunicados\/arancha-gonzalez-laya-insta-impulsar-un-nuevo-sistema-comercio-internacional-que-sea-mas\" data-saferedirecturl=\"https:\/\/www.google.com\/url?q=https:\/\/www.cepal.org\/es\/comunicados\/arancha-gonzalez-laya-insta-impulsar-un-nuevo-sistema-comercio-internacional-que-sea-mas&amp;source=gmail&amp;ust=1692593144310000&amp;usg=AOvVaw3DDCRlq1UrmbY-l6VLvP2s\">presentaci\u00f3n magistral<\/a> de Arancha Gonz\u00e1lez Laya, Decana de la Escuela de Asuntos Internacionales de Par\u00eds (PSIA) del Instituto de Estudios Pol\u00edticos de Par\u00eds (Sciences Po). En los meses sucesivos otros pensadores prominentes se dar\u00e1n cita en la CEPAL para presentar sus visiones e ideas sobre los retos del mundo y de la regi\u00f3n. El listado completo de conferencistas est\u00e1 disponible <a href=\"https:\/\/www.cepal.org\/es\/noticias\/ciclo-conferencias-75deg-aniversario-la-cepal\" data-saferedirecturl=\"https:\/\/www.google.com\/url?q=https:\/\/www.cepal.org\/es\/noticias\/ciclo-conferencias-75deg-aniversario-la-cepal&amp;source=gmail&amp;ust=1692593144310000&amp;usg=AOvVaw2WC8sW9tEo1aCCSEGHvs8l\"><strong>aqu\u00ed<\/strong><\/a>.<\/p>\n","protected":false},"excerpt":{"rendered":"<p>El Profesor de la Escuela de Asuntos Internacionales y P\u00fablicos de la Universidad de Columbia y ex Secretario Ejecutivo de Comisi\u00f3n Econ\u00f3mica para Am\u00e9rica Latina y el Caribe (CEPAL), Jos\u00e9 Antonio Ocampo, llam\u00f3 hoy a implementar reformas profundas al sistema financiero internacional, con base en una nueva arquitectura cimentada en redes de instituciones mundiales, regionales [&hellip;]<\/p>\n","protected":false},"author":2,"featured_media":18351,"comment_status":"closed","ping_status":"open","sticky":false,"template":"","format":"standard","meta":[],"categories":[93,4,146,2],"tags":[1027,9570],"wppr_data":{"cwp_meta_box_check":"No"},"_links":{"self":[{"href":"https:\/\/www.notaoficial.com\/s\/wp-json\/wp\/v2\/posts\/18350"}],"collection":[{"href":"https:\/\/www.notaoficial.com\/s\/wp-json\/wp\/v2\/posts"}],"about":[{"href":"https:\/\/www.notaoficial.com\/s\/wp-json\/wp\/v2\/types\/post"}],"author":[{"embeddable":true,"href":"https:\/\/www.notaoficial.com\/s\/wp-json\/wp\/v2\/users\/2"}],"replies":[{"embeddable":true,"href":"https:\/\/www.notaoficial.com\/s\/wp-json\/wp\/v2\/comments?post=18350"}],"version-history":[{"count":1,"href":"https:\/\/www.notaoficial.com\/s\/wp-json\/wp\/v2\/posts\/18350\/revisions"}],"predecessor-version":[{"id":18352,"href":"https:\/\/www.notaoficial.com\/s\/wp-json\/wp\/v2\/posts\/18350\/revisions\/18352"}],"wp:featuredmedia":[{"embeddable":true,"href":"https:\/\/www.notaoficial.com\/s\/wp-json\/wp\/v2\/media\/18351"}],"wp:attachment":[{"href":"https:\/\/www.notaoficial.com\/s\/wp-json\/wp\/v2\/media?parent=18350"}],"wp:term":[{"taxonomy":"category","embeddable":true,"href":"https:\/\/www.notaoficial.com\/s\/wp-json\/wp\/v2\/categories?post=18350"},{"taxonomy":"post_tag","embeddable":true,"href":"https:\/\/www.notaoficial.com\/s\/wp-json\/wp\/v2\/tags?post=18350"}],"curies":[{"name":"wp","href":"https:\/\/api.w.org\/{rel}","templated":true}]}}