{"id":18508,"date":"2023-08-27T23:54:42","date_gmt":"2023-08-28T03:54:42","guid":{"rendered":"https:\/\/www.notaoficial.com\/s\/?p=18508"},"modified":"2023-08-27T23:54:42","modified_gmt":"2023-08-28T03:54:42","slug":"sadel-una-orquesta-y-una-voz","status":"publish","type":"post","link":"https:\/\/www.notaoficial.com\/s\/2023\/08\/27\/sadel-una-orquesta-y-una-voz\/","title":{"rendered":"Sadel: Una orquesta y una voz"},"content":{"rendered":"<p><span style=\"font-family: arial, helvetica neue, helvetica, sans-serif;\">Luego de un 2022 s\u00faper exitoso, donde obtuvo grandes reconocimientos, entre estos dos preseas doradas en los Global Music Awards;\u00a0Premios de Oro en los Davey Awards y Telly Awards y, en su natal Venezuela,\u00a0una nominaci\u00f3n a los premios Pepsi Music;\u00a0<\/span><strong>Eleazar Mora<\/strong><span style=\"font-family: arial, helvetica neue, helvetica, sans-serif;\">, \u00abThe Latin Tenor\u00bb,\u00a0lanza este mes de agosto su octava producci\u00f3n discogr\u00e1fica, esta vez en homenaje a\u00a0Alfredo Sadel.<\/span><\/p>\n<p><span style=\"font-family: arial, helvetica neue, helvetica, sans-serif;\">Como dice el propio Mora: \u201ctenemos el honor de ser los primeros en lanzar\u00a0un disco homenaje al cantante venezolano de mayor proyecci\u00f3n internacional de todos los tiempos, al gran \u00eddolo de nuestra m\u00fasica del siglo XX. En esta producci\u00f3n\u00a0\u00a0podemos disfrutar de temas de su propia autor\u00eda\u00a0como <\/span><em>Di,\u00a0<\/em><span style=\"font-family: arial, helvetica neue, helvetica, sans-serif;\">Y<\/span><em>o soy aquel cantor\u00a0Canta Arpa<\/em><span style=\"font-family: arial, helvetica neue, helvetica, sans-serif;\">, primer promocional del disco,\u00a0as\u00ed como otras piezas popularizadas por el \u00abTenor Favorito de Venezuela\u00bb, como con toda justicia es recordado:\u00a0<\/span><em>Me Voy Pa\u2019l Pueblo,\u00a0Desesperanza, Una noche m\u00e1s, Oh\u00a0se\u00f1ora Mar\u00eda <\/em><span style=\"font-family: arial, helvetica neue, helvetica, sans-serif;\">y<\/span><em> Tierruca.<\/em><span style=\"font-family: arial, helvetica neue, helvetica, sans-serif;\">\u00a0<\/span><em>En tu cumplea\u00f1os<\/em><span style=\"font-family: arial, helvetica neue, helvetica, sans-serif;\">, composici\u00f3n\u00a0in\u00e9dita, es la\u00a0\u00fanica\u00a0incluida en esta\u00a0producci\u00f3n no grabada por el maestro Sadel\u201d.<\/span><\/p>\n<p><span style=\"font-family: arial, helvetica neue, helvetica, sans-serif;\">Si, y es que a <\/span><strong><em>Sadel: Una orquesta y una voz<\/em><\/strong><span style=\"font-family: arial, helvetica neue, helvetica, sans-serif;\">, nombre de este nuevo disco, se suman otros ocho t\u00edtulos que\u00a0con mucha\u00a0dedicaci\u00f3n\u00a0el artista\u00a0ha lanzado en los\u00a0\u00faltimos nueve a\u00f1os: \u00a0<\/span><em>Javier Sol\u00eds: Una Orquesta y Una Voz,\u00a0Volumen 2\u00a0<\/em><span style=\"font-family: arial, helvetica neue, helvetica, sans-serif;\">(2022),\u00a0<\/span><em>Nino Bravo una Orquesta y una Voz<\/em><span style=\"font-family: arial, helvetica neue, helvetica, sans-serif;\"> (2020),\u00a0 <\/span><em>Javier Sol\u00eds, una Orquesta y una Voz <\/em><span style=\"font-family: arial, helvetica neue, helvetica, sans-serif;\">(2019), <\/span><em>Sim\u00f3n una Orquesta y una Voz <\/em><span style=\"font-family: arial, helvetica neue, helvetica, sans-serif;\">(2018), <\/span><em>Venezuela habla cantando <\/em><span style=\"font-family: arial, helvetica neue, helvetica, sans-serif;\">(2017), as\u00ed como <\/span><em>Recordando Latinoam\u00e9rica<\/em><span style=\"font-family: arial, helvetica neue, helvetica, sans-serif;\">, <\/span><em>Bella Italia y <\/em><span style=\"font-family: arial, helvetica neue, helvetica, sans-serif;\">\u00a0<\/span><em>Homenaje a los grandes<\/em><span style=\"font-family: arial, helvetica neue, helvetica, sans-serif;\"> (2016).<\/span><\/p>\n<p><span style=\"font-family: arial, helvetica neue, helvetica, sans-serif;\">Y es\u00a0que la laboriosidad de este Ingeniero Mec\u00e1nico egresado de la Universidad Sim\u00f3n Bol\u00edvar, en Caracas -quien desde hace casi una d\u00e9cada combina su carrera como\u00a0empresario con la pasi\u00f3n por el canto, completando recientemente\u00a0el M\u00e1ster en m\u00fasica\u00a0del prestigioso Berklee College of Music de Boston, USA-;\u00a0se ha visto recompensada por numerosos reconocimientos y galardones.<\/span><\/p>\n<p><span style=\"font-family: arial, helvetica neue, helvetica, sans-serif;\">Al igual que los anteriores tributos, <\/span><strong><em>Sadel: Una orquesta y una voz<\/em><\/strong><span style=\"font-family: arial, helvetica neue, helvetica, sans-serif;\"> fue realizado\u00a0en formato sinf\u00f3nico. \u00abParticiparon m\u00e1s de 70 m\u00fasicos, entre ellos artistas invitados ganadores de Latin Grammy como\u00a0Eduardo Betancourt,\u00a0en el arpa; Jorge Glem, Hector Molina y Edward Ram<\/span>\u00ed<span style=\"font-family: arial, helvetica neue, helvetica, sans-serif;\">rez, en los cuatros; \u00a0Adolfo Herrera, en la\u00a0bater\u00eda; Rodner Padilla, en el bajo;\u00a0Edwin Arellano, en la guitarra, y\u00a0Renesito Avich, en el tres cubano; todos bajo la direcci\u00f3n del dos veces nominado al Latin Grammy,\u00a0Pedro Mauricio Gonz\u00e1lez, quien me ha acompa\u00f1ado en las anteriores producciones\u00bb, enumera Mora.<\/span><\/p>\n<p><span style=\"font-family: arial, helvetica neue, helvetica, sans-serif;\">En la grabaci\u00f3n, mezcla y masterizaci\u00f3n participan destacados ingenieros, tambi\u00e9n\u00a0ganadores de Latin Grammy y de\u00a0Grammy Awards:\u00a0Tom\u00e1s Cardona, Keith Morrison, Boris Milan,\u00a0Vladimir Quintero, Andr\u00e9s Mayo y Martin Muscatello.<\/span><\/p>\n<p><strong><em>Sadel: Una orquesta y una voz\u00a0<\/em><\/strong><span style=\"font-family: arial, helvetica neue, helvetica, sans-serif;\">ya est\u00e1 disponible en las principales plataformas digitales. Su contenido\u00a0tambi\u00e9n puede ser disfrutado en el canal de youtube del artista.\u00a0Adem\u00e1s,\u00a0\u00a0siempre pensando en las nuevas tendencias, el \u00e1lbum tiene una versi\u00f3n Inmersiva Dolby ATMOS, la cual puede ser escuchada en las plataformas que poseen esta tecnolog\u00eda.<\/span><\/p>\n","protected":false},"excerpt":{"rendered":"<p>Luego de un 2022 s\u00faper exitoso, donde obtuvo grandes reconocimientos, entre estos dos preseas doradas en los Global Music Awards;\u00a0Premios de Oro en los Davey Awards y Telly Awards y, en su natal Venezuela,\u00a0una nominaci\u00f3n a los premios Pepsi Music;\u00a0Eleazar Mora, \u00abThe Latin Tenor\u00bb,\u00a0lanza este mes de agosto su octava producci\u00f3n discogr\u00e1fica, esta vez en [&hellip;]<\/p>\n","protected":false},"author":2,"featured_media":18509,"comment_status":"closed","ping_status":"open","sticky":false,"template":"","format":"standard","meta":[],"categories":[93,146,2],"tags":[5150,10269],"wppr_data":{"cwp_meta_box_check":"No"},"_links":{"self":[{"href":"https:\/\/www.notaoficial.com\/s\/wp-json\/wp\/v2\/posts\/18508"}],"collection":[{"href":"https:\/\/www.notaoficial.com\/s\/wp-json\/wp\/v2\/posts"}],"about":[{"href":"https:\/\/www.notaoficial.com\/s\/wp-json\/wp\/v2\/types\/post"}],"author":[{"embeddable":true,"href":"https:\/\/www.notaoficial.com\/s\/wp-json\/wp\/v2\/users\/2"}],"replies":[{"embeddable":true,"href":"https:\/\/www.notaoficial.com\/s\/wp-json\/wp\/v2\/comments?post=18508"}],"version-history":[{"count":1,"href":"https:\/\/www.notaoficial.com\/s\/wp-json\/wp\/v2\/posts\/18508\/revisions"}],"predecessor-version":[{"id":18510,"href":"https:\/\/www.notaoficial.com\/s\/wp-json\/wp\/v2\/posts\/18508\/revisions\/18510"}],"wp:featuredmedia":[{"embeddable":true,"href":"https:\/\/www.notaoficial.com\/s\/wp-json\/wp\/v2\/media\/18509"}],"wp:attachment":[{"href":"https:\/\/www.notaoficial.com\/s\/wp-json\/wp\/v2\/media?parent=18508"}],"wp:term":[{"taxonomy":"category","embeddable":true,"href":"https:\/\/www.notaoficial.com\/s\/wp-json\/wp\/v2\/categories?post=18508"},{"taxonomy":"post_tag","embeddable":true,"href":"https:\/\/www.notaoficial.com\/s\/wp-json\/wp\/v2\/tags?post=18508"}],"curies":[{"name":"wp","href":"https:\/\/api.w.org\/{rel}","templated":true}]}}