{"id":18515,"date":"2023-08-28T23:50:09","date_gmt":"2023-08-29T03:50:09","guid":{"rendered":"https:\/\/www.notaoficial.com\/s\/?p=18515"},"modified":"2023-08-28T23:50:09","modified_gmt":"2023-08-29T03:50:09","slug":"recreacion-y-esparcimiento","status":"publish","type":"post","link":"https:\/\/www.notaoficial.com\/s\/2023\/08\/28\/recreacion-y-esparcimiento\/","title":{"rendered":"Recreaci\u00f3n y esparcimiento"},"content":{"rendered":"<p>Francisco D&#8217;Agostino<\/p>\n<p>En la residencia y centro integral <a href=\"https:\/\/www.google.com\/url?sa=t&amp;rct=j&amp;q=&amp;esrc=s&amp;source=web&amp;cd=&amp;cad=rja&amp;uact=8&amp;ved=2ahUKEwjQhNeY-4CBAxUGaDABHXczDssQFnoECBUQAQ&amp;url=https%3A%2F%2Fhogarlaponderosa.com%2F&amp;usg=AOvVaw2CxEM9uy_A0rGPSN05poJP&amp;opi=89978449\"><b>Hogar La Ponderosa <\/b><\/a>los hu\u00e9spedes permanentes o temporales reciben cuidado personalizado y se atienden todos los aspectos de sus rutinas diarias como la alimentaci\u00f3n, la higiene, el ejercicio f\u00edsico y las terapias cognitivas, pero tambi\u00e9n son importantes <b>los momentos de recreaci\u00f3n y el esparcimiento, que los alegran<\/b> y les brindan la oportunidad de vivir experiencias distintas a sus rutinas diarias.<\/p>\n<p>La directora de esta instituci\u00f3n privada, Mar\u00eda Edith Anselmi, explic\u00f3 que \u201cuna de las actividades recreativas especiales que organizamos es el D\u00eda de La Fogata, en la que participan los adultos mayores que son residentes permanentes del centro. En esa jornada disfrutan de una comida diferente como salchichas asadas en el fuego, chocolate caliente, Marshmallow (malvaviscos) y comparten entre todos. <b>Adem\u00e1s, hay m\u00fasica, cantan, hacemos adivinanzas y a ellos les gusta ver el fuego\u201d<\/b>.<\/p>\n<p>Se\u00f1al\u00f3 que esta jornada comienza en la tarde, con la recolecci\u00f3n de la le\u00f1a por parte de los cuidadores, junto con los hu\u00e9spedes que pueden ayudarlos, y se extiende hasta la noche para poder disfrutar de la fogata, pero sin interrumpir su rutina nocturna y sus horas de descanso.<\/p>\n<p>Francisco D&#8217;Agostino<\/p>\n<p>Anselmi indic\u00f3 que <b>el D\u00eda de la Fogata es una actividad que se organiza un fin de semana al mes<\/b>, y en cada ocasi\u00f3n var\u00eda la comida, y puede ser perros calientes, o hamburguesas, \u201cporque lo importante es disfrutar de un momento diferente y al aire libre\u201d.<\/p>\n<p><b>Medidas de precauci\u00f3n<\/b><\/p>\n<p>La directora de Hogar La Ponderosa explic\u00f3 que el <b>equipo de cuidadores del centro cuenta con ocho param\u00e9dicos-bomberos, <\/b>que tienen experiencia en manejo del fuego y ponen en pr\u00e1ctica todas las medidas de precauci\u00f3n necesarias, y est\u00e1n en capacidad de atender cualquier imprevisto.<\/p>\n<p>Asegur\u00f3 que se toman medidas preventivas como situar los asientos a una distancia de 4 metros de la fogata y colocar un l\u00edmite de distancia que no pueden traspasar.<\/p>\n<p>Francisco D&#8217;Agostino<\/p>\n<p>Indic\u00f3 que en esa actividad se tiene un cuidador por cada dos hu\u00e9spedes y \u201cse sientan entre ellos y los ayudan con la comida, a cocinar las salchichas, y les vamos repartiendo el chocolate caliente. <b>Nunca los dejamos solos, para que no corran ning\u00fan tipo de peligro<\/b>.<\/p>\n<p>En esta jornada participan solo los residentes permanentes, que es un grupo no mayor de 12 personas, para mantener la seguridad y la vigilancia de cada uno de ellos\u201d.<\/p>\n<p>Adem\u00e1s del D\u00eda de La Fogata, <b>en Hogar La Ponderosa tambi\u00e9n se realizan otras actividades grupales de esparcimiento<\/b> como la celebraci\u00f3n de los cumplea\u00f1os o las clases de m\u00fasica, que adem\u00e1s forman parte de las terapias de estimulaci\u00f3n neurocognitivas para los residentes permanentes, o los hu\u00e9spedes temporales bajo la modalidad de \u201cDay Care\u201d.<\/p>\n<p>Se puede obtener m\u00e1s informaci\u00f3n sobre los servicios y las consultas en Hogar La Ponderosa visitando su p\u00e1gina web: hogarlaponderosa.com o siguiendo sus cuentas en redes sociales como Instagram @hogarlaponderosa.<\/p>\n<p>Francisco D&#8217;Agostino<\/p>\n","protected":false},"excerpt":{"rendered":"<p>Francisco D&#8217;Agostino En la residencia y centro integral Hogar La Ponderosa los hu\u00e9spedes permanentes o temporales reciben cuidado personalizado y se atienden todos los aspectos de sus rutinas diarias como la alimentaci\u00f3n, la higiene, el ejercicio f\u00edsico y las terapias cognitivas, pero tambi\u00e9n son importantes los momentos de recreaci\u00f3n y el esparcimiento, que los alegran [&hellip;]<\/p>\n","protected":false},"author":2,"featured_media":18516,"comment_status":"closed","ping_status":"open","sticky":false,"template":"","format":"standard","meta":[],"categories":[93,146,2],"tags":[9110,9712],"wppr_data":{"cwp_meta_box_check":"No"},"_links":{"self":[{"href":"https:\/\/www.notaoficial.com\/s\/wp-json\/wp\/v2\/posts\/18515"}],"collection":[{"href":"https:\/\/www.notaoficial.com\/s\/wp-json\/wp\/v2\/posts"}],"about":[{"href":"https:\/\/www.notaoficial.com\/s\/wp-json\/wp\/v2\/types\/post"}],"author":[{"embeddable":true,"href":"https:\/\/www.notaoficial.com\/s\/wp-json\/wp\/v2\/users\/2"}],"replies":[{"embeddable":true,"href":"https:\/\/www.notaoficial.com\/s\/wp-json\/wp\/v2\/comments?post=18515"}],"version-history":[{"count":1,"href":"https:\/\/www.notaoficial.com\/s\/wp-json\/wp\/v2\/posts\/18515\/revisions"}],"predecessor-version":[{"id":18517,"href":"https:\/\/www.notaoficial.com\/s\/wp-json\/wp\/v2\/posts\/18515\/revisions\/18517"}],"wp:featuredmedia":[{"embeddable":true,"href":"https:\/\/www.notaoficial.com\/s\/wp-json\/wp\/v2\/media\/18516"}],"wp:attachment":[{"href":"https:\/\/www.notaoficial.com\/s\/wp-json\/wp\/v2\/media?parent=18515"}],"wp:term":[{"taxonomy":"category","embeddable":true,"href":"https:\/\/www.notaoficial.com\/s\/wp-json\/wp\/v2\/categories?post=18515"},{"taxonomy":"post_tag","embeddable":true,"href":"https:\/\/www.notaoficial.com\/s\/wp-json\/wp\/v2\/tags?post=18515"}],"curies":[{"name":"wp","href":"https:\/\/api.w.org\/{rel}","templated":true}]}}