{"id":18620,"date":"2023-09-02T22:26:57","date_gmt":"2023-09-03T02:26:57","guid":{"rendered":"https:\/\/www.notaoficial.com\/s\/?p=18620"},"modified":"2023-09-02T22:26:57","modified_gmt":"2023-09-03T02:26:57","slug":"nicky-jam-y-beele-deleitan-a-sus-fanaticos","status":"publish","type":"post","link":"https:\/\/www.notaoficial.com\/s\/2023\/09\/02\/nicky-jam-y-beele-deleitan-a-sus-fanaticos\/","title":{"rendered":"Nicky Jam y Beele deleitan a sus fan\u00e1ticos"},"content":{"rendered":"<p>El reconocido cantante, compositor, actor, empresario y pionero del g\u00e9nero urbano,\u00a0<b>Nicky Jam (@nickyjam)<\/b>, se enorgullece en presentar su nuevo sencillo promocional titulado\u00a0<b>\u00abCalor\u00bb<\/b>, en colaboraci\u00f3n con el joven y talentoso int\u00e9rprete colombiano,\u00a0<b>Beele (@beelecito)<\/b>.<\/p>\n<p>El sencillo\u00a0<b>\u00abCalor\u00bb<\/b>\u00a0es una fusi\u00f3n de g\u00e9nero urbano con elementos de la m\u00fasica tropical, dise\u00f1ado para deleitar a los oyentes durante los \u00faltimos momentos del verano. Con una letra provocativa y apasionada, esta cautivadora canci\u00f3n sumerge a los oyentes en una aventura veraniega.<\/p>\n<p>El video musical oficial de \u00abCalor\u00bb (<a href=\"https:\/\/youtu.be\/B6bDkrFLi64?si=teQUHlKymexvJ7yo\" target=\"_blank\" rel=\"noopener\" data-saferedirecturl=\"https:\/\/www.google.com\/url?q=https:\/\/youtu.be\/B6bDkrFLi64?si%3DteQUHlKymexvJ7yo&amp;source=gmail&amp;ust=1693793699480000&amp;usg=AOvVaw2EJtnfqRKhe65cgcRXEWdb\">https:\/\/youtu.be\/B6bDkrFLi64?<wbr \/>si=teQUHlKymexvJ7yo<\/a>), dirigido por el talentoso Zazo Canvas y producido por Armando Di Luca, ha sido filmado en la espectacular y paradis\u00edaca Isla Canela-Ayamonte, ubicada en Huelva, Espa\u00f1a. La producci\u00f3n audiovisual es un deslumbrante despliegue de mar, sensualidad y buena vibra, que evoca el esp\u00edritu del verano en la playa y la libertad de disfrutarlo con poca ropa.<\/p>\n<p>Nicky Jam y Beele han creado una magistral colaboraci\u00f3n que promete cautivar a sus seguidores y conquistar nuevos p\u00fablicos en todo el mundo. La qu\u00edmica y talento de ambos artistas se reflejan en cada nota de \u00abCalor\u00bb,\u00a0convirti\u00e9ndola en\u00a0una experiencia musical \u00fanica.<\/p>\n<p>El lanzamiento de \u00abCalor\u00bb representa un paso m\u00e1s en la destacada trayectoria de Nicky Jam, quien ha sido un referente indiscutible en la m\u00fasica urbana a nivel global. Por su parte, Beele ha sorprendido al mundo con su incre\u00edble voz y carisma,\u00a0posicion\u00e1ndose como\u00a0una sensaci\u00f3n musical emergente en Colombia.<\/p>\n<p>\u00abCalor\u00bb ya est\u00e1 disponible en todas las plataformas de m\u00fasica en l\u00ednea, y el video musical puede ser disfrutado en el canal oficial de Nicky Jam en YouTube.<span style=\"color: #888888;\"><br clear=\"all\" \/><\/span><\/p>\n","protected":false},"excerpt":{"rendered":"<p>El reconocido cantante, compositor, actor, empresario y pionero del g\u00e9nero urbano,\u00a0Nicky Jam (@nickyjam), se enorgullece en presentar su nuevo sencillo promocional titulado\u00a0\u00abCalor\u00bb, en colaboraci\u00f3n con el joven y talentoso int\u00e9rprete colombiano,\u00a0Beele (@beelecito). El sencillo\u00a0\u00abCalor\u00bb\u00a0es una fusi\u00f3n de g\u00e9nero urbano con elementos de la m\u00fasica tropical, dise\u00f1ado para deleitar a los oyentes durante los \u00faltimos momentos [&hellip;]<\/p>\n","protected":false},"author":2,"featured_media":18621,"comment_status":"closed","ping_status":"open","sticky":false,"template":"","format":"standard","meta":[],"categories":[93,146,2],"tags":[1371,381],"wppr_data":{"cwp_meta_box_check":"No"},"_links":{"self":[{"href":"https:\/\/www.notaoficial.com\/s\/wp-json\/wp\/v2\/posts\/18620"}],"collection":[{"href":"https:\/\/www.notaoficial.com\/s\/wp-json\/wp\/v2\/posts"}],"about":[{"href":"https:\/\/www.notaoficial.com\/s\/wp-json\/wp\/v2\/types\/post"}],"author":[{"embeddable":true,"href":"https:\/\/www.notaoficial.com\/s\/wp-json\/wp\/v2\/users\/2"}],"replies":[{"embeddable":true,"href":"https:\/\/www.notaoficial.com\/s\/wp-json\/wp\/v2\/comments?post=18620"}],"version-history":[{"count":1,"href":"https:\/\/www.notaoficial.com\/s\/wp-json\/wp\/v2\/posts\/18620\/revisions"}],"predecessor-version":[{"id":18622,"href":"https:\/\/www.notaoficial.com\/s\/wp-json\/wp\/v2\/posts\/18620\/revisions\/18622"}],"wp:featuredmedia":[{"embeddable":true,"href":"https:\/\/www.notaoficial.com\/s\/wp-json\/wp\/v2\/media\/18621"}],"wp:attachment":[{"href":"https:\/\/www.notaoficial.com\/s\/wp-json\/wp\/v2\/media?parent=18620"}],"wp:term":[{"taxonomy":"category","embeddable":true,"href":"https:\/\/www.notaoficial.com\/s\/wp-json\/wp\/v2\/categories?post=18620"},{"taxonomy":"post_tag","embeddable":true,"href":"https:\/\/www.notaoficial.com\/s\/wp-json\/wp\/v2\/tags?post=18620"}],"curies":[{"name":"wp","href":"https:\/\/api.w.org\/{rel}","templated":true}]}}