{"id":18700,"date":"2023-09-07T00:20:24","date_gmt":"2023-09-07T04:20:24","guid":{"rendered":"https:\/\/www.notaoficial.com\/s\/?p=18700"},"modified":"2023-09-07T00:20:24","modified_gmt":"2023-09-07T04:20:24","slug":"pequenos-chefs-disfrutaron-la-experiencia-de-cocinar-al-calor-de-las-brasas","status":"publish","type":"post","link":"https:\/\/www.notaoficial.com\/s\/2023\/09\/07\/pequenos-chefs-disfrutaron-la-experiencia-de-cocinar-al-calor-de-las-brasas\/","title":{"rendered":"Peque\u00f1os chefs disfrutaron la experiencia de cocinar al calor de las brasas"},"content":{"rendered":"<p>Disfrutar de ricos platos con sabor La Montserratina, divertirse, compartir, hacer nuevos amigos y aprender el arte culinario fue parte de la experiencia que vivieron los peque\u00f1os que participaron en el taller gastron\u00f3mico \u201cYo quiero ser chef\u201d, una iniciativa de la organizaci\u00f3n Chamito\u2019s Chef para la temporada vacacional escolar 2023, se realiz\u00f3 en alianza con <a href=\"http:\/\/www.montserratina.com\/\"><b>La Montserratina<\/b><\/a> y el Centro Comercial Cerro Verde.<\/p>\n<p>La actividad se realiz\u00f3 durante tres fines de semana y los participantes, un grupo de alrededor de 100 ni\u00f1os entre 7 y 12 a\u00f1os, aprendieron a preparar hamburguesas y recetas de tradici\u00f3n ib\u00e9rica como las tapas, tortilla espa\u00f1ola y paella. Tambi\u00e9n platos parrilleros como pinchos, costillas asadas y choripanes, estos \u00faltimos con la gu\u00eda y las ense\u00f1anzas del maestro parrillero Esteban Luj\u00e1n.<\/p>\n<p>La gerente nacional de Mercadeo de <b>La Montserratina<\/b>, Ver\u00f3nica Maduro, asegur\u00f3 que \u201cpor medio de nuestra Academia parrillera hemos fortalecido la alianza con Chamitos Chef, con iniciativas en las que vamos impulsando el conocimiento de <a href=\"https:\/\/www.instagram.com\/p\/CusSjb8O0k-\/\"><b>nuestros productos<\/b><\/a> y sus diferentes formas de preparaci\u00f3n en el d\u00eda a d\u00eda, para ni\u00f1os que quieren iniciarse en el mundo gastron\u00f3mico\u201d.<\/p>\n<p>Cada taller tuvo tres horas de duraci\u00f3n aproximadamente, en los que se prepararon recetas con las nuevas <a href=\"https:\/\/www.facebook.com\/LaMontserratina\/photos\"><b>Ajo-Burger y Chori-Burger<\/b><\/a><b>, <\/b>y con embutidos como el chorizo ahumado, las salchichas blancas y otras presentaciones de los artesanos del sabor. Los participantes recibieron un uniforme de La Montserratina y un diploma de asistencia.<\/p>\n<p><b>Divertida y creativa<\/b><\/p>\n<p>La directora de Chamitos Chef, Paola Hidalgo, asegur\u00f3 que \u201ccuando se trata de actividades con los ni\u00f1os, la din\u00e1mica debe ser muy creativa, esta experiencia fue \u00fanica para ellos y la disfrutaron much\u00edsimo. Todas las jornadas fueron especiales, pero les encant\u00f3 compartir con el chef y maestro parrillero Luj\u00e1n, porque se identifican mucho\u201d.<\/p>\n<p>Hidalgo agreg\u00f3 que su organizaci\u00f3n tiene ya 10 a\u00f1os realizando este tipo de iniciativas, en las que se busca que los peque\u00f1os se acerquen al mundo gastron\u00f3mico y tengan confianza en los alimentos.<\/p>\n<p>Destac\u00f3 que \u201cla alianza con La Montserratina y el Centro Comercial Cerro Verde ha sido especial y es muy positivo contar con gente que tiene \u2018ganas\u2019, que muestra iniciativa y deseos de apoyar actividades para los ni\u00f1os\u201d.<\/p>\n<p><b>Disfrutar y compartir\u00a0<\/b><\/p>\n<p>La coordinadora de Mercadeo del Centro Comercial Parque Cerro Verde, Wilitza Arcaya, asegur\u00f3 que \u201crealizar eventos especiales para nuestros visitantes es parte del valor agregado que tenemos como centro comercial, y nuestra prioridad es que las familias disfruten y vivan momentos de calidad, que tengan experiencias m\u00e1gicas e inolvidables en nuestras instalaciones\u201d.<\/p>\n<p>Arcaya se\u00f1al\u00f3 que la alianza con La Montserratina y Chamito\u2019s Chef \u201cha sido una iniciativa maravillosa y es un gusto trabajar de la mano con profesionales y empresas comprometidas, nos emociona contar con ellos para seguir haciendo m\u00e1s y mejores actividades\u201d.<\/p>\n<p>En las redes sociales de <a href=\"https:\/\/www.facebook.com\/LaMontserratina\/\">@LaMontserratina<\/a> en Instagram, Facebook y Twitter, pueden conocer m\u00e1s detalles acerca del evento y muchas din\u00e1micas y sorpresas m\u00e1s que traen durante todo este mes.<\/p>\n","protected":false},"excerpt":{"rendered":"<p>Disfrutar de ricos platos con sabor La Montserratina, divertirse, compartir, hacer nuevos amigos y aprender el arte culinario fue parte de la experiencia que vivieron los peque\u00f1os que participaron en el taller gastron\u00f3mico \u201cYo quiero ser chef\u201d, una iniciativa de la organizaci\u00f3n Chamito\u2019s Chef para la temporada vacacional escolar 2023, se realiz\u00f3 en alianza con [&hellip;]<\/p>\n","protected":false},"author":2,"featured_media":18701,"comment_status":"closed","ping_status":"open","sticky":false,"template":"","format":"standard","meta":[],"categories":[93,146,2],"tags":[3525,579],"wppr_data":{"cwp_meta_box_check":"No"},"_links":{"self":[{"href":"https:\/\/www.notaoficial.com\/s\/wp-json\/wp\/v2\/posts\/18700"}],"collection":[{"href":"https:\/\/www.notaoficial.com\/s\/wp-json\/wp\/v2\/posts"}],"about":[{"href":"https:\/\/www.notaoficial.com\/s\/wp-json\/wp\/v2\/types\/post"}],"author":[{"embeddable":true,"href":"https:\/\/www.notaoficial.com\/s\/wp-json\/wp\/v2\/users\/2"}],"replies":[{"embeddable":true,"href":"https:\/\/www.notaoficial.com\/s\/wp-json\/wp\/v2\/comments?post=18700"}],"version-history":[{"count":1,"href":"https:\/\/www.notaoficial.com\/s\/wp-json\/wp\/v2\/posts\/18700\/revisions"}],"predecessor-version":[{"id":18702,"href":"https:\/\/www.notaoficial.com\/s\/wp-json\/wp\/v2\/posts\/18700\/revisions\/18702"}],"wp:featuredmedia":[{"embeddable":true,"href":"https:\/\/www.notaoficial.com\/s\/wp-json\/wp\/v2\/media\/18701"}],"wp:attachment":[{"href":"https:\/\/www.notaoficial.com\/s\/wp-json\/wp\/v2\/media?parent=18700"}],"wp:term":[{"taxonomy":"category","embeddable":true,"href":"https:\/\/www.notaoficial.com\/s\/wp-json\/wp\/v2\/categories?post=18700"},{"taxonomy":"post_tag","embeddable":true,"href":"https:\/\/www.notaoficial.com\/s\/wp-json\/wp\/v2\/tags?post=18700"}],"curies":[{"name":"wp","href":"https:\/\/api.w.org\/{rel}","templated":true}]}}