{"id":18706,"date":"2023-09-07T23:10:57","date_gmt":"2023-09-08T03:10:57","guid":{"rendered":"https:\/\/www.notaoficial.com\/s\/?p=18706"},"modified":"2023-09-07T23:10:57","modified_gmt":"2023-09-08T03:10:57","slug":"natulac-deleita-a-los-mas-pequenos","status":"publish","type":"post","link":"https:\/\/www.notaoficial.com\/s\/2023\/09\/07\/natulac-deleita-a-los-mas-pequenos\/","title":{"rendered":"Natulac deleita a los m\u00e1s peque\u00f1os"},"content":{"rendered":"<p>Francisco D&#8217;Agostino<\/p>\n<p>Los deliciosos productos Natulac, por tercer a\u00f1o consecutivo, brindaron dulces y divertidos momentos a los peque\u00f1os de la casa como parte de las actividades realizadas durante sus d\u00edas de campamento, en estas vacaciones escolares de 2023.<\/p>\n<p>Los participantes de los campamentos organizados por La Jugada y La Llanada, <b>tuvieron la oportunidad de compartir con el astronauta Nao y disfrutar del <\/b><a href=\"https:\/\/www.instagram.com\/natulacoficial\/\"><b>D\u00eda Natulac<\/b><\/a><b>,<\/b> al tiempo que se deleitaron con los productos de la marca.<\/p>\n<p>Los diferentes sabores de los <b>n\u00e9ctares y los colados,<\/b> en envases Tetra Pak, de 250 cm3 y 160 cm3, respectivamente, refrescaron y nutrieron a los ni\u00f1os, mientras que los <b>cereales Pilos, en sus presentaciones de Coco y Choco,<\/b> en estuches de 220 gramos, junto con la <b>leche l\u00edquida entera y descremada de Natulac<\/b>, les otorgaron la energ\u00eda necesaria para disfrutar de toda la diversi\u00f3n planificada para el d\u00eda.<\/p>\n<p>Y todo el sabor que encierran los pr\u00e1cticos <b>tubitos de Leche Condensada Natulac, fue<\/b> una justa recompensa a todos sus esfuerzos.<\/p>\n<p>Francisco D&#8217;Agostino<\/p>\n<p>La gerente de Mercadeo de <a href=\"https:\/\/natulac.com\/\">Industrias Maros, C.A<\/a>., Ariadna Nieves, destac\u00f3 que en <b>ese d\u00eda especial Natu Camp, de compartir con los ni\u00f1os en los campamentos<\/b>, \u201cla marca se apega a las actividades que est\u00e1n programadas al aire libre, con la participaci\u00f3n de productos de Natulac como n\u00e9ctares, colados, l\u00e1cteos y cereales\u201d.<\/p>\n<p>A\u00f1adi\u00f3 que \u201c<b>se hace presente <\/b><a href=\"https:\/\/es-la.facebook.com\/natulacoficial\/\"><b>la mascota de los colados, el astronauta Noa<\/b><\/a><b>,<\/b> para brindar diversi\u00f3n a los ni\u00f1os, y realizar actividades recreativas adaptadas al espacio del campamento\u201d.<\/p>\n<p><b>Brindar apoyo<\/b><\/p>\n<p>Indic\u00f3 que \u201cesta participaci\u00f3n ha sido muy importante para la marca, <b>muchos campamentos nos han abierto las puertas para realizar actividades que todos disfrutan muy entusiasmados<\/b>, porque hemos brindado apoyo con nuestros productos, y propiciado dulces momentos y divertidos recuerdos a los peque\u00f1os\u201d.<\/p>\n<p>Explic\u00f3 que para estas actividades \u201cse hacen estaciones referentes a los nombres de los productos y con las frutas, por ejemplo, <b>es una actividad muy din\u00e1mica y recreativa, y los ni\u00f1os reciben un presente de la marca. <\/b>Estamos all\u00ed con ellos, en sus vacaciones, al igual que d\u00eda a d\u00eda en el colegio, porque son los consentidos de Natulac, a los que queremos brindar mucha diversi\u00f3n\u201d.<\/p>\n<p>Francisco D&#8217;Agostino<\/p>\n<p>Industrias Maros C.A. es una empresa privada de capital 100% venezolano, que centra su actividad productiva en la transformaci\u00f3n de insumos de origen vegetal y animal, para la obtenci\u00f3n de alimentos de consumo humano, los cuales comercializa bajo su marca propia Natulac.<\/p>\n<p>Si quiere m\u00e1s informaci\u00f3n sobre la marca y su portafolio de productos puede visitar su sitio web: <a href=\"http:\/\/www.natulac.com\/\">www.natulac.com<\/a> y\/o sus redes sociales: Instagram (<a href=\"https:\/\/www.instagram.com\/natulacoficial\/\">@natulacoficial<\/a>) y Facebook (<a href=\"https:\/\/www.facebook.com\/natulacoficial\/\">Natulac<\/a>). <a href=\"https:\/\/m.facebook.com\/story.php\">https:\/\/m.facebook.com\/story.php<\/a><\/p>\n<p>Francisco D&#8217;Agostino<\/p>\n","protected":false},"excerpt":{"rendered":"<p>Francisco D&#8217;Agostino Los deliciosos productos Natulac, por tercer a\u00f1o consecutivo, brindaron dulces y divertidos momentos a los peque\u00f1os de la casa como parte de las actividades realizadas durante sus d\u00edas de campamento, en estas vacaciones escolares de 2023. Los participantes de los campamentos organizados por La Jugada y La Llanada, tuvieron la oportunidad de compartir [&hellip;]<\/p>\n","protected":false},"author":2,"featured_media":18707,"comment_status":"closed","ping_status":"open","sticky":false,"template":"","format":"standard","meta":[],"categories":[93,146,2],"tags":[9110,1164],"wppr_data":{"cwp_meta_box_check":"No"},"_links":{"self":[{"href":"https:\/\/www.notaoficial.com\/s\/wp-json\/wp\/v2\/posts\/18706"}],"collection":[{"href":"https:\/\/www.notaoficial.com\/s\/wp-json\/wp\/v2\/posts"}],"about":[{"href":"https:\/\/www.notaoficial.com\/s\/wp-json\/wp\/v2\/types\/post"}],"author":[{"embeddable":true,"href":"https:\/\/www.notaoficial.com\/s\/wp-json\/wp\/v2\/users\/2"}],"replies":[{"embeddable":true,"href":"https:\/\/www.notaoficial.com\/s\/wp-json\/wp\/v2\/comments?post=18706"}],"version-history":[{"count":1,"href":"https:\/\/www.notaoficial.com\/s\/wp-json\/wp\/v2\/posts\/18706\/revisions"}],"predecessor-version":[{"id":18708,"href":"https:\/\/www.notaoficial.com\/s\/wp-json\/wp\/v2\/posts\/18706\/revisions\/18708"}],"wp:featuredmedia":[{"embeddable":true,"href":"https:\/\/www.notaoficial.com\/s\/wp-json\/wp\/v2\/media\/18707"}],"wp:attachment":[{"href":"https:\/\/www.notaoficial.com\/s\/wp-json\/wp\/v2\/media?parent=18706"}],"wp:term":[{"taxonomy":"category","embeddable":true,"href":"https:\/\/www.notaoficial.com\/s\/wp-json\/wp\/v2\/categories?post=18706"},{"taxonomy":"post_tag","embeddable":true,"href":"https:\/\/www.notaoficial.com\/s\/wp-json\/wp\/v2\/tags?post=18706"}],"curies":[{"name":"wp","href":"https:\/\/api.w.org\/{rel}","templated":true}]}}