{"id":18849,"date":"2023-09-14T23:52:32","date_gmt":"2023-09-15T03:52:32","guid":{"rendered":"https:\/\/www.notaoficial.com\/s\/?p=18849"},"modified":"2023-09-14T23:52:32","modified_gmt":"2023-09-15T03:52:32","slug":"camino-de-santiago-ciclismo-adaptado-2023","status":"publish","type":"post","link":"https:\/\/www.notaoficial.com\/s\/2023\/09\/14\/camino-de-santiago-ciclismo-adaptado-2023\/","title":{"rendered":"Camino de Santiago ciclismo adaptado 2023"},"content":{"rendered":"<p>Ya puedes inscribirte en\u00a0una de nuestras actividades estrella,\u00a0el\u00a0<strong>Camino de Santiago<\/strong>,\u00a0que realizamos desde el a\u00f1o 2004 con gran \u00e9xito de participaci\u00f3n, habiendo sido pioneros en el crecimiento personal y el turismo a trav\u00e9s del deporte.<br \/>\nEste a\u00f1o la ruta tendr\u00e1\u00a0lugar\u00a0del <strong>12 al 15\u00a0de octubre<\/strong>.\u00a0Contaremos\u00a0con la presencia y el apoyo de<strong> Irene Villa<\/strong> que ser\u00e1 la <strong>\u00abmadrina del Camino\u00bb\u00a0<\/strong>y la<strong>\u00a0<\/strong>colaboraci\u00f3n de\u00a0<strong>Fundaci\u00f3n Aon Espa\u00f1a<\/strong>,\u00a0sus voluntarios y\u00a0<strong>Alsa<\/strong><em><strong>.<\/strong><\/em><\/p>\n<p>Estos d\u00edas viviremos juntos una experiencia \u00fanica\u00a0de\u00a0<strong>superaci\u00f3n, deporte y amistad imposible de superar<\/strong>.<\/p>\n<table border=\"0\" width=\"100%\" cellspacing=\"0\" cellpadding=\"0\">\n<tbody>\n<tr>\n<td valign=\"top\">\n<table class=\"m_4326148048024874514mcnTextContentContainer\" border=\"0\" width=\"100%\" cellspacing=\"0\" cellpadding=\"0\" align=\"left\">\n<tbody>\n<tr>\n<td class=\"m_4326148048024874514mcnTextContent\" valign=\"top\">\n<div>\n<div>Os proporcionaremos\u00a0el material adaptado que necesit\u00e9is y\u00a0transporte desde Madrid. El total del recorrido ser\u00e1 aproximadamente de\u00a0<strong>60\u00a0km<\/strong>\u00a0por v\u00edas con accesibilidad adecuada y distribuidas\u00a0en <strong>5\u00a0etapas cortas<\/strong><strong>.<\/strong><\/p>\n<p><strong>Consulta la convocatoria y programaci\u00f3n\u00a0para m\u00e1s informaci\u00f3n.\u00a0<\/strong><\/p>\n<p>Kil\u00f3metros de diversi\u00f3n te est\u00e1n esperando.\u00a0<strong>\u00bfTe los vas a perder?<\/strong><\/p>\n<p><strong>El viaje incluye:<\/strong><\/div>\n<div>\u00a0. Viaje ida y vuelta desde Madrid, glorieta D. Juan de Borb\u00f3n, Parque Juan Carlos I de Madrid, en\u00a0autocar adaptado.<\/div>\n<div>\u00a0. Bicicleta adaptada para las personas con discapacidad que\u00a0lo soliciten.<\/div>\n<div>\u00a0. Alojamiento en Hotel Eurostars San L\u00e1zaro.<\/div>\n<div>\u00a0. Pensi\u00f3n completa.<\/div>\n<div>\u00a0. Seguro de actividad.<\/div>\n<div>\n<strong>*Para m\u00e1s informaci\u00f3n se adjuntan: convocatoria, programa y ficha de inscripci\u00f3n.<\/strong>\u00a0<strong>\u00a0<\/strong><\/div>\n<\/div>\n<\/td>\n<\/tr>\n<\/tbody>\n<\/table>\n<\/td>\n<\/tr>\n<\/tbody>\n<\/table>\n<table border=\"0\" width=\"100%\" cellspacing=\"0\" cellpadding=\"0\">\n<tbody>\n<tr>\n<td valign=\"top\">\n<table class=\"m_4326148048024874514mcnTextContentContainer\" border=\"0\" width=\"100%\" cellspacing=\"0\" cellpadding=\"0\" align=\"left\">\n<tbody>\n<tr>\n<td class=\"m_4326148048024874514mcnTextContent\" valign=\"top\">\n<div>\u00a0 \u00a0 \u00a0 \u00a0 \u00a0<strong> \u00a0Fecha l\u00edmite\u00a0de inscripci\u00f3n: 24\u00a0septiembre<\/strong><\/div>\n<div><strong>Admisiones: 25\u00a0septiembre<\/strong><\/div>\n<\/td>\n<\/tr>\n<\/tbody>\n<\/table>\n<\/td>\n<\/tr>\n<\/tbody>\n<\/table>\n","protected":false},"excerpt":{"rendered":"<p>Ya puedes inscribirte en\u00a0una de nuestras actividades estrella,\u00a0el\u00a0Camino de Santiago,\u00a0que realizamos desde el a\u00f1o 2004 con gran \u00e9xito de participaci\u00f3n, habiendo sido pioneros en el crecimiento personal y el turismo a trav\u00e9s del deporte. Este a\u00f1o la ruta tendr\u00e1\u00a0lugar\u00a0del 12 al 15\u00a0de octubre.\u00a0Contaremos\u00a0con la presencia y el apoyo de Irene Villa que ser\u00e1 la \u00abmadrina [&hellip;]<\/p>\n","protected":false},"author":2,"featured_media":18850,"comment_status":"closed","ping_status":"open","sticky":false,"template":"","format":"standard","meta":[],"categories":[93,463,146],"tags":[9661,9589],"wppr_data":{"cwp_meta_box_check":"No"},"_links":{"self":[{"href":"https:\/\/www.notaoficial.com\/s\/wp-json\/wp\/v2\/posts\/18849"}],"collection":[{"href":"https:\/\/www.notaoficial.com\/s\/wp-json\/wp\/v2\/posts"}],"about":[{"href":"https:\/\/www.notaoficial.com\/s\/wp-json\/wp\/v2\/types\/post"}],"author":[{"embeddable":true,"href":"https:\/\/www.notaoficial.com\/s\/wp-json\/wp\/v2\/users\/2"}],"replies":[{"embeddable":true,"href":"https:\/\/www.notaoficial.com\/s\/wp-json\/wp\/v2\/comments?post=18849"}],"version-history":[{"count":1,"href":"https:\/\/www.notaoficial.com\/s\/wp-json\/wp\/v2\/posts\/18849\/revisions"}],"predecessor-version":[{"id":18851,"href":"https:\/\/www.notaoficial.com\/s\/wp-json\/wp\/v2\/posts\/18849\/revisions\/18851"}],"wp:featuredmedia":[{"embeddable":true,"href":"https:\/\/www.notaoficial.com\/s\/wp-json\/wp\/v2\/media\/18850"}],"wp:attachment":[{"href":"https:\/\/www.notaoficial.com\/s\/wp-json\/wp\/v2\/media?parent=18849"}],"wp:term":[{"taxonomy":"category","embeddable":true,"href":"https:\/\/www.notaoficial.com\/s\/wp-json\/wp\/v2\/categories?post=18849"},{"taxonomy":"post_tag","embeddable":true,"href":"https:\/\/www.notaoficial.com\/s\/wp-json\/wp\/v2\/tags?post=18849"}],"curies":[{"name":"wp","href":"https:\/\/api.w.org\/{rel}","templated":true}]}}