{"id":18868,"date":"2023-09-15T23:42:15","date_gmt":"2023-09-16T03:42:15","guid":{"rendered":"https:\/\/www.notaoficial.com\/s\/?p=18868"},"modified":"2023-09-16T01:04:23","modified_gmt":"2023-09-16T05:04:23","slug":"sientese-quien-pueda-nominado-mejor-programa-de-variedad","status":"publish","type":"post","link":"https:\/\/www.notaoficial.com\/s\/2023\/09\/15\/sientese-quien-pueda-nominado-mejor-programa-de-variedad\/","title":{"rendered":"\u00a1Si\u00e9ntese Quien Pueda! nominado &#8216;Mejor Programa de Variedad"},"content":{"rendered":"<p>El programa <strong><a href=\"https:\/\/facebook.us15.list-manage.com\/track\/click?u=d29e05f3cb957969a97f7b89e&amp;id=761e0cd827&amp;e=48ce6451b1\" target=\"_blank\" rel=\"noopener\" data-saferedirecturl=\"https:\/\/www.google.com\/url?q=https:\/\/facebook.us15.list-manage.com\/track\/click?u%3Dd29e05f3cb957969a97f7b89e%26id%3D761e0cd827%26e%3D48ce6451b1&amp;source=gmail&amp;ust=1694926245480000&amp;usg=AOvVaw0rlB7AN3GINuUWyRiJttbw\">\u00a1Si\u00e9ntese Quien Pueda!<\/a><\/strong>, que ha acaparado la audiencia televisiva de la cadena <strong>Univision<\/strong>, ha sido nominado como <strong><em>&#8216;Mejor Programa de Variedad\/Talk-Show&#8217;<\/em><\/strong> en la\u00a07.\u00aa edici\u00f3n de los <strong>Premios PRODU 2023<\/strong>, <a href=\"https:\/\/facebook.us15.list-manage.com\/track\/click?u=d29e05f3cb957969a97f7b89e&amp;id=1ed3bcb028&amp;e=48ce6451b1\" target=\"_blank\" rel=\"noopener\" data-saferedirecturl=\"https:\/\/www.google.com\/url?q=https:\/\/facebook.us15.list-manage.com\/track\/click?u%3Dd29e05f3cb957969a97f7b89e%26id%3D1ed3bcb028%26e%3D48ce6451b1&amp;source=gmail&amp;ust=1694926245480000&amp;usg=AOvVaw0uHYeZNzjsno82K4mjv_WY\">https:\/\/premiosprodu.com\/<\/a>, que anualmente distingue a los talentos, programas, producciones y formatos m\u00e1s destacados de la industria audiovisual iberoamericana. La premiaci\u00f3n se llevar\u00e1 a cabo en una gala doble a realizarse el\u00a01.\u00ba\u00a0y\u00a02\u00a0de\u00a0noviembre.<\/p>\n<p><em>\u00ab\u00a1Estamos emocionados y agradecidos por la nominaci\u00f3n a los Premios Produ como Mejor Programa de Variedad-Talk Show por &#8216;Si\u00e9ntese Quien Pueda&#8217;! Este reconocimiento es el resultado del arduo trabajo y la pasi\u00f3n de todo nuestro equipo. Nos llena de felicidad saber que nuestro programa ha resonado con la audiencia. \u00a1Gracias por su apoyo continuo y por ser parte de este emocionante viaje!\u00bb,\u00a0<\/em>expres\u00f3 el productor ejecutivo del programa Carlos Mesber.<\/p>\n<p><strong><a href=\"https:\/\/facebook.us15.list-manage.com\/track\/click?u=d29e05f3cb957969a97f7b89e&amp;id=9ebe67b358&amp;e=48ce6451b1\" target=\"_blank\" rel=\"noopener\" data-saferedirecturl=\"https:\/\/www.google.com\/url?q=https:\/\/facebook.us15.list-manage.com\/track\/click?u%3Dd29e05f3cb957969a97f7b89e%26id%3D9ebe67b358%26e%3D48ce6451b1&amp;source=gmail&amp;ust=1694926245480000&amp;usg=AOvVaw14NOw-j3xGhUzR10mgzjqG\">\u00a1Si\u00e9ntese Quien Pueda!<\/a><\/strong>,<strong>\u00a0<\/strong>es un su novedoso y original formato que est\u00e1 rompiendo barreras, dando un giro al mundo de los espect\u00e1culos, convirti\u00e9ndose en referente para otros shows de entretenimiento. Se transmite en Estados Unidos por <strong>Univision<\/strong> de <strong>lunes a viernes<\/strong> a la <strong>2:00 PM \/ 1c<\/strong><\/p>\n<p>El programa de entretenimiento dura una hora y sus panelistas debaten sobre temas de actualidad, con opiniones cargadas de informaci\u00f3n y detalles originados en acciones o declaraciones de famosos. Tienen entrevistas exclusivas con primeras figuras de la industria del entretenimiento. Adem\u00e1s, el show cuenta con invitados especiales semanales.<\/p>\n<p><strong>\u00a1Si\u00e9ntese Quien Pueda!<\/strong>, por <strong>Univision<\/strong>, la cadena hispana n\u00famero uno de Estados Unidos, sigue con la diversi\u00f3n y espontaneidad que los caracteriza. Es conducido por\u00a0<strong>Stephanie Himonidis<\/strong>, mejor conocida como <strong>&#8216;<a href=\"https:\/\/facebook.us15.list-manage.com\/track\/click?u=d29e05f3cb957969a97f7b89e&amp;id=91e1ce74be&amp;e=48ce6451b1\" target=\"_blank\" rel=\"noopener\" data-saferedirecturl=\"https:\/\/www.google.com\/url?q=https:\/\/facebook.us15.list-manage.com\/track\/click?u%3Dd29e05f3cb957969a97f7b89e%26id%3D91e1ce74be%26e%3D48ce6451b1&amp;source=gmail&amp;ust=1694926245480000&amp;usg=AOvVaw11u68MSAD1ClsYfvSmatka\">Chiquibaby<\/a>&#8216;<\/strong>. Los\u00a0panelistas compiten entre s\u00ed, <strong>Kerly Ruiz, Karla G\u00f3mez, Vanessa Arias, \u00c1lex Rodr\u00edguez, Lucho Borrego, Alejandra Jaramillo y Catalina Mora<\/strong>.<\/p>\n<p>El programa es\u00a0producido para\u00a0<strong>TelevisaUnivision<\/strong><strong>\u00a0<\/strong>por\u00a0<a href=\"https:\/\/facebook.us15.list-manage.com\/track\/click?u=d29e05f3cb957969a97f7b89e&amp;id=c3a5a2973a&amp;e=48ce6451b1\" target=\"_blank\" rel=\"noopener\" data-saferedirecturl=\"https:\/\/www.google.com\/url?q=https:\/\/facebook.us15.list-manage.com\/track\/click?u%3Dd29e05f3cb957969a97f7b89e%26id%3Dc3a5a2973a%26e%3D48ce6451b1&amp;source=gmail&amp;ust=1694926245480000&amp;usg=AOvVaw2ljbqLOm9TZBgo9oZxuWP1\">We Love Entertainment<\/a>, la casa productora de\u00a0<a href=\"https:\/\/facebook.us15.list-manage.com\/track\/click?u=d29e05f3cb957969a97f7b89e&amp;id=963d401e0c&amp;e=48ce6451b1\" target=\"_blank\" rel=\"noopener\" data-saferedirecturl=\"https:\/\/www.google.com\/url?q=https:\/\/facebook.us15.list-manage.com\/track\/click?u%3Dd29e05f3cb957969a97f7b89e%26id%3D963d401e0c%26e%3D48ce6451b1&amp;source=gmail&amp;ust=1694926245480000&amp;usg=AOvVaw310DrNrchefmDoNThgXVBD\">Carlos<\/a>\u00a0Mesber.<\/p>\n<p>La lista completa de finalistas, disponible aqu\u00ed:\u00a0<a href=\"https:\/\/facebook.us15.list-manage.com\/track\/click?u=d29e05f3cb957969a97f7b89e&amp;id=1e4c827b9e&amp;e=48ce6451b1\" target=\"_blank\" rel=\"noopener\" data-saferedirecturl=\"https:\/\/www.google.com\/url?q=https:\/\/facebook.us15.list-manage.com\/track\/click?u%3Dd29e05f3cb957969a97f7b89e%26id%3D1e4c827b9e%26e%3D48ce6451b1&amp;source=gmail&amp;ust=1694926245480000&amp;usg=AOvVaw0-xteBRQMqzgM4MSd2x51W\">https:\/\/premiosprodu.<wbr \/>com\/<\/a><\/p>\n<p><strong><u>Sobre PRODU<\/u><\/strong><\/p>\n<p>A lo largo de casi cuatro d\u00e9cadas, PRODU ha sido el proveedor l\u00edder de contenido para los profesionales de la televisi\u00f3n, la publicidad y la tecnolog\u00eda en Latinoam\u00e9rica, Espa\u00f1a y el mercado hispano de los EE\u202fUU.<\/p>\n<p>PRODU Diario es el bolet\u00edn de noticias m\u00e1s prestigioso y consultado para las industrias de televisi\u00f3n, publicidad y tecnolog\u00eda. Adicionalmente, PRODU ofrece tres boletines gratuitos con los que se informan m\u00e1s de 30.000 profesionales y ejecutivos todos los d\u00edas. Adem\u00e1s, genera publicaciones comerciales peri\u00f3dicas y extraordinarias, as\u00ed como directorios en l\u00ednea (Gu\u00eda OTT y VOD y Who\u2019s Who Online).<\/p>\n<p>Su sitio web estrena los programas que muestran las perspectivas de los ejecutivos m\u00e1s importantes de la industria y las nuevas generaciones de creadores, con #PRODUprimetime y Maye y R\u00edchard con los nuevos talentos. RADIO PRODU es un espacio en el que se comenta el acontecer de la industria castellanohablante y los contenidos que se producen en Am\u00e9rica Latina.<\/p>\n<p>PRODU es l\u00edder en la cobertura de los eventos como Content Americas, Andina Link, MIPTV, Content LAS, Conecta Fiction &amp; Entertainment, Jornadas, Iberseries, Hispanic TV Summit, MIPCOM y MIP Cancun, desde donde reporta con su nuevo servicio informativo: PRODU market.<\/p>\n<p>En la \u00faltima d\u00e9cada PRODU se consolid\u00f3 como un referente \u00fanico en la industria con sus prestigiosos galardones: Premios PRODU, que reconocen la excelencia en la producci\u00f3n latina y la impulsan en todo el mundo; Premios PRODU TECNOLOG\u00cdA, un homenaje a la industria que ofrece las mejores herramientas a la producci\u00f3n audiovisual, y los Premios FIAP, que reconocen la excelencia en ideas que transforman, inspiran, elevan y apasionan audiencias.<\/p>\n<p>En redes sociales, PRODU totaliza m\u00e1s de 4,3 millones de impresiones globales por mes con sus cuentas en FB, IG, TW y Linkedin, a las que se suman m\u00e1s de 130.000 usuarios por mes en su web\u00a0site\u00a0y m\u00e1s de 210.000 p\u00e1ginas vistas por mes, con contenido exclusivo y de producci\u00f3n original.<\/p>\n","protected":false},"excerpt":{"rendered":"<p>El programa \u00a1Si\u00e9ntese Quien Pueda!, que ha acaparado la audiencia televisiva de la cadena Univision, ha sido nominado como &#8216;Mejor Programa de Variedad\/Talk-Show&#8217; en la\u00a07.\u00aa edici\u00f3n de los Premios PRODU 2023, https:\/\/premiosprodu.com\/, que anualmente distingue a los talentos, programas, producciones y formatos m\u00e1s destacados de la industria audiovisual iberoamericana. La premiaci\u00f3n se llevar\u00e1 a cabo [&hellip;]<\/p>\n","protected":false},"author":2,"featured_media":18869,"comment_status":"closed","ping_status":"open","sticky":false,"template":"","format":"standard","meta":[],"categories":[93,146],"tags":[1300,390],"wppr_data":{"cwp_meta_box_check":"No"},"_links":{"self":[{"href":"https:\/\/www.notaoficial.com\/s\/wp-json\/wp\/v2\/posts\/18868"}],"collection":[{"href":"https:\/\/www.notaoficial.com\/s\/wp-json\/wp\/v2\/posts"}],"about":[{"href":"https:\/\/www.notaoficial.com\/s\/wp-json\/wp\/v2\/types\/post"}],"author":[{"embeddable":true,"href":"https:\/\/www.notaoficial.com\/s\/wp-json\/wp\/v2\/users\/2"}],"replies":[{"embeddable":true,"href":"https:\/\/www.notaoficial.com\/s\/wp-json\/wp\/v2\/comments?post=18868"}],"version-history":[{"count":1,"href":"https:\/\/www.notaoficial.com\/s\/wp-json\/wp\/v2\/posts\/18868\/revisions"}],"predecessor-version":[{"id":18870,"href":"https:\/\/www.notaoficial.com\/s\/wp-json\/wp\/v2\/posts\/18868\/revisions\/18870"}],"wp:featuredmedia":[{"embeddable":true,"href":"https:\/\/www.notaoficial.com\/s\/wp-json\/wp\/v2\/media\/18869"}],"wp:attachment":[{"href":"https:\/\/www.notaoficial.com\/s\/wp-json\/wp\/v2\/media?parent=18868"}],"wp:term":[{"taxonomy":"category","embeddable":true,"href":"https:\/\/www.notaoficial.com\/s\/wp-json\/wp\/v2\/categories?post=18868"},{"taxonomy":"post_tag","embeddable":true,"href":"https:\/\/www.notaoficial.com\/s\/wp-json\/wp\/v2\/tags?post=18868"}],"curies":[{"name":"wp","href":"https:\/\/api.w.org\/{rel}","templated":true}]}}