{"id":18899,"date":"2023-09-17T23:52:37","date_gmt":"2023-09-18T03:52:37","guid":{"rendered":"https:\/\/www.notaoficial.com\/s\/?p=18899"},"modified":"2023-09-17T23:52:37","modified_gmt":"2023-09-18T03:52:37","slug":"bella-dose-presenta-su-album-l-pop","status":"publish","type":"post","link":"https:\/\/www.notaoficial.com\/s\/2023\/09\/17\/bella-dose-presenta-su-album-l-pop\/","title":{"rendered":"Bella Dose presenta su \u00e1lbum \u00abL-Pop\u00bb"},"content":{"rendered":"<p><span style=\"font-family: georgia, serif;\"><b>Bella Dose (@belladose)<\/b>, el grupo musical que ha cautivado a audiencias de todo el mundo con su m\u00fasica excepcional y letras conmovedoras, se complace en anunciar el lanzamiento de su tan esperado \u00e1lbum,\u00a0<b>\u00abL-Pop\u00bb<\/b>.<\/p>\n<p>Este \u00e1lbum, para el grupo, es el balance entre su vida personal y la m\u00fasica. Bella Dose quiere que sus fan\u00e1ticos lo disfruten al igual que ellas lo disfrutaron en su proceso, ya que estuvieron organizando la mente y disfrutando toda la experiencia de lo que es ser artista y de crear m\u00fasica, que fue para lo que nacieron.<\/p>\n<p>\u00abL-Pop\u00bb resume toda la experiencia de vida tanto profesional como personal, el sentir actual de las artistas y todo lo que es significativo y de importancia para ellas y el grupo. Compuesto por un total de 12 asombrosas canciones, promete llevar a los oyentes en un viaje emocional inolvidable. La pista destacada del \u00e1lbum es \u00abAdi\u00f3s\u00bb, que captura la esencia del amor que llega a su fin, donde el adi\u00f3s es inevitable y las heridas permanecen como testigos silenciosos de lo que una vez fue. Esta canci\u00f3n evoca la nostalgia de los recuerdos y vivencias que persisten en el coraz\u00f3n incluso cuando se intenta olvidar. La letra de \u00abAdi\u00f3s\u00bb es un testimonio de su habilidad para combinar poes\u00eda con m\u00fasica de una manera que llega profundamente al alma:<\/p>\n<p>El \u00e1lbum \u00abL-Pop\u00bb est\u00e1 compuesto por las siguientes canciones:<\/p>\n<p>1.Intro<br \/>\n2.Tongue-Tied<br \/>\n3.M\u00edrame<br \/>\n4.Ffil<br \/>\n5.Party with Strangers<br \/>\n6.Adi\u00f3s<br \/>\n7.Crybaby<br \/>\n8.Windows<br \/>\n9.143<br \/>\n10.Bite<br \/>\n11.Rent-Free<br \/>\n12.Coraz\u00f3n<\/span><span style=\"color: #888888;\"><br clear=\"all\" \/><\/span><\/p>\n","protected":false},"excerpt":{"rendered":"<p>Bella Dose (@belladose), el grupo musical que ha cautivado a audiencias de todo el mundo con su m\u00fasica excepcional y letras conmovedoras, se complace en anunciar el lanzamiento de su tan esperado \u00e1lbum,\u00a0\u00abL-Pop\u00bb. Este \u00e1lbum, para el grupo, es el balance entre su vida personal y la m\u00fasica. Bella Dose quiere que sus fan\u00e1ticos lo [&hellip;]<\/p>\n","protected":false},"author":2,"featured_media":18900,"comment_status":"closed","ping_status":"open","sticky":false,"template":"","format":"standard","meta":[],"categories":[93,146,2],"tags":[381,10239],"wppr_data":{"cwp_meta_box_check":"No"},"_links":{"self":[{"href":"https:\/\/www.notaoficial.com\/s\/wp-json\/wp\/v2\/posts\/18899"}],"collection":[{"href":"https:\/\/www.notaoficial.com\/s\/wp-json\/wp\/v2\/posts"}],"about":[{"href":"https:\/\/www.notaoficial.com\/s\/wp-json\/wp\/v2\/types\/post"}],"author":[{"embeddable":true,"href":"https:\/\/www.notaoficial.com\/s\/wp-json\/wp\/v2\/users\/2"}],"replies":[{"embeddable":true,"href":"https:\/\/www.notaoficial.com\/s\/wp-json\/wp\/v2\/comments?post=18899"}],"version-history":[{"count":1,"href":"https:\/\/www.notaoficial.com\/s\/wp-json\/wp\/v2\/posts\/18899\/revisions"}],"predecessor-version":[{"id":18901,"href":"https:\/\/www.notaoficial.com\/s\/wp-json\/wp\/v2\/posts\/18899\/revisions\/18901"}],"wp:featuredmedia":[{"embeddable":true,"href":"https:\/\/www.notaoficial.com\/s\/wp-json\/wp\/v2\/media\/18900"}],"wp:attachment":[{"href":"https:\/\/www.notaoficial.com\/s\/wp-json\/wp\/v2\/media?parent=18899"}],"wp:term":[{"taxonomy":"category","embeddable":true,"href":"https:\/\/www.notaoficial.com\/s\/wp-json\/wp\/v2\/categories?post=18899"},{"taxonomy":"post_tag","embeddable":true,"href":"https:\/\/www.notaoficial.com\/s\/wp-json\/wp\/v2\/tags?post=18899"}],"curies":[{"name":"wp","href":"https:\/\/api.w.org\/{rel}","templated":true}]}}