{"id":19387,"date":"2023-10-13T23:55:38","date_gmt":"2023-10-14T03:55:38","guid":{"rendered":"https:\/\/www.notaoficial.com\/s\/?p=19387"},"modified":"2023-10-13T23:55:38","modified_gmt":"2023-10-14T03:55:38","slug":"barrio-obrero-de-cabimas-68-aniversario","status":"publish","type":"post","link":"https:\/\/www.notaoficial.com\/s\/2023\/10\/13\/barrio-obrero-de-cabimas-68-aniversario\/","title":{"rendered":"Barrio Obrero de Cabimas 68 Aniversario"},"content":{"rendered":"<div dir=\"auto\">El 12 de octubre \u00abarribo\u00bb a sus 68 a\u00f1os de fundaci\u00f3n la agrupaci\u00f3n gaitera m\u00e1s tradicional del Zulia, como lo es el Barrio Obrero de Cabimas y para este aniversario se suma su nuevo tema promocional titulado \u201cTierra Santa\u201d.<\/div>\n<div dir=\"auto\"><\/div>\n<div dir=\"auto\">Mar\u00eda Luisa Quijada, Directora Ejecutiva De Barrio Obrero de Cabimas inform\u00f3 que \u201cTierra Santa\u201d es el tema que para este 2023 lleva la agrupaci\u00f3n para ser difundida durante esta temporada y que como siempre quede\u00a0 en el recuerdo de todos los amantes de este g\u00e9nero musical donde la agrupaci\u00f3n ha logrado obtener un sitial de honor, como ejemplo de constancia y resistencia frente a la transculturizaci\u00f3n.<\/div>\n<div dir=\"auto\"><\/div>\n<div dir=\"auto\"><\/div>\n<div dir=\"auto\">Este tema es de letra y m\u00fasica de\u00a0 Renato Aguirre Gonz\u00e1lez y es interpretado en las voces de Yornelis Acurero y Carmencita Silva.<\/div>\n<div dir=\"auto\"><\/div>\n<div dir=\"auto\">\u201cUn tema que estamos seguro ser\u00e1 del agrado de todo el p\u00fablico y que se ha hecho con todo el cari\u00f1o para los seguidores de esta agrupaci\u00f3n y de la gaita tradicional, indic\u00f3 la\u00a0 director ejecutiva de Barrio Obrero de Cabimas.<\/div>\n<div dir=\"auto\"><\/div>\n<div dir=\"auto\">68 a\u00f1os de identidad cultural y sentido de pertenencia<\/div>\n<div dir=\"auto\">Mar\u00eda Luisa Quijada indic\u00f3 que estos 68 a\u00f1os son de una larga trayectoria dentro del g\u00e9nero gaitero donde la esencia original de esta agrupaci\u00f3n no ha perdido su identidad que la caracterizado por casi siete d\u00e9cadas como es conservar ancestral de la gaita.<\/div>\n<div dir=\"auto\"><\/div>\n<div dir=\"auto\">Lo genuino de esta agrupaci\u00f3n con su gaita tem\u00e1tica, , festiva, parrandera, contestataria y de protesta ha servido\u00a0 para cantarle a la Virgen, al lago, al pueblo, a eso que los soci\u00f3logos y antrop\u00f3logos llaman identidad cultural y sentido de pertenencia.<\/div>\n<div dir=\"auto\"><\/div>\n<div dir=\"auto\">El Barrio Obrero de Cabimas a lo largo de estos 68 a\u00f1os se mantenido\u00a0 en la defensa permanente\u00a0 \u00a0de la pureza de la gaita como un g\u00e9nero musical, dijo Mar\u00eda Quijada.<\/div>\n<div dir=\"auto\"><\/div>\n<div dir=\"auto\">Mar\u00eda Quijada resalt\u00f3 que son casi siete d\u00e9cadas donde\u00a0 esta agrupaci\u00f3n ha llevado a cada rinc\u00f3n del pa\u00eds\u00a0 y otras naciones su gaita pura y tradicional con sus instrumentos t\u00edpicos, lo cual llena de orgullo a la familia Barrio Obrero de Cabimas.<\/div>\n<div dir=\"auto\"><\/div>\n<div dir=\"auto\">Barrio Obrero naci\u00f3 en 1955 en una Venezuela sumergida en una dictadura militar , donde exist\u00edan falsos valores como la persecuci\u00f3n, la exclusi\u00f3n y la intolerancia, pero tambi\u00e9n era una \u00e9poca de arraigo religioso, de tradiciones\u00a0 y sanas diversiones, de fuertes valores morales\u00a0 y con un concepto integral\u00a0 de la familia<\/div>\n","protected":false},"excerpt":{"rendered":"<p>El 12 de octubre \u00abarribo\u00bb a sus 68 a\u00f1os de fundaci\u00f3n la agrupaci\u00f3n gaitera m\u00e1s tradicional del Zulia, como lo es el Barrio Obrero de Cabimas y para este aniversario se suma su nuevo tema promocional titulado \u201cTierra Santa\u201d. Mar\u00eda Luisa Quijada, Directora Ejecutiva De Barrio Obrero de Cabimas inform\u00f3 que \u201cTierra Santa\u201d es el [&hellip;]<\/p>\n","protected":false},"author":2,"featured_media":19388,"comment_status":"closed","ping_status":"open","sticky":false,"template":"","format":"standard","meta":[],"categories":[93,146,2],"tags":[381,190],"wppr_data":{"cwp_meta_box_check":"No"},"_links":{"self":[{"href":"https:\/\/www.notaoficial.com\/s\/wp-json\/wp\/v2\/posts\/19387"}],"collection":[{"href":"https:\/\/www.notaoficial.com\/s\/wp-json\/wp\/v2\/posts"}],"about":[{"href":"https:\/\/www.notaoficial.com\/s\/wp-json\/wp\/v2\/types\/post"}],"author":[{"embeddable":true,"href":"https:\/\/www.notaoficial.com\/s\/wp-json\/wp\/v2\/users\/2"}],"replies":[{"embeddable":true,"href":"https:\/\/www.notaoficial.com\/s\/wp-json\/wp\/v2\/comments?post=19387"}],"version-history":[{"count":2,"href":"https:\/\/www.notaoficial.com\/s\/wp-json\/wp\/v2\/posts\/19387\/revisions"}],"predecessor-version":[{"id":19390,"href":"https:\/\/www.notaoficial.com\/s\/wp-json\/wp\/v2\/posts\/19387\/revisions\/19390"}],"wp:featuredmedia":[{"embeddable":true,"href":"https:\/\/www.notaoficial.com\/s\/wp-json\/wp\/v2\/media\/19388"}],"wp:attachment":[{"href":"https:\/\/www.notaoficial.com\/s\/wp-json\/wp\/v2\/media?parent=19387"}],"wp:term":[{"taxonomy":"category","embeddable":true,"href":"https:\/\/www.notaoficial.com\/s\/wp-json\/wp\/v2\/categories?post=19387"},{"taxonomy":"post_tag","embeddable":true,"href":"https:\/\/www.notaoficial.com\/s\/wp-json\/wp\/v2\/tags?post=19387"}],"curies":[{"name":"wp","href":"https:\/\/api.w.org\/{rel}","templated":true}]}}