{"id":19394,"date":"2023-10-14T00:00:02","date_gmt":"2023-10-14T04:00:02","guid":{"rendered":"https:\/\/www.notaoficial.com\/s\/?p=19394"},"modified":"2023-10-14T00:00:02","modified_gmt":"2023-10-14T04:00:02","slug":"camila-avella-se-convierte-en-embajadora-internacional","status":"publish","type":"post","link":"https:\/\/www.notaoficial.com\/s\/2023\/10\/14\/camila-avella-se-convierte-en-embajadora-internacional\/","title":{"rendered":"Camila Avella se convierte en embajadora internacional"},"content":{"rendered":"<p>La deslumbrante\u00a0<strong>Miss Universe Colombia 2023\u00a0<a href=\"https:\/\/facebook.us15.list-manage.com\/track\/click?u=d29e05f3cb957969a97f7b89e&amp;id=77698010b7&amp;e=48ce6451b1\" target=\"_blank\" rel=\"noopener\" data-saferedirecturl=\"https:\/\/www.google.com\/url?q=https:\/\/facebook.us15.list-manage.com\/track\/click?u%3Dd29e05f3cb957969a97f7b89e%26id%3D77698010b7%26e%3D48ce6451b1&amp;source=gmail&amp;ust=1697340957304000&amp;usg=AOvVaw06rI0eF1yk2nDkihSq605C\">Camila Avella<\/a><\/strong>\u00a0se convierte en la embajadora internacional de la\u00a0<strong><a href=\"https:\/\/facebook.us15.list-manage.com\/track\/click?u=d29e05f3cb957969a97f7b89e&amp;id=46363cd76e&amp;e=48ce6451b1\" target=\"_blank\" rel=\"noopener\" data-saferedirecturl=\"https:\/\/www.google.com\/url?q=https:\/\/facebook.us15.list-manage.com\/track\/click?u%3Dd29e05f3cb957969a97f7b89e%26id%3D46363cd76e%26e%3D48ce6451b1&amp;source=gmail&amp;ust=1697340957304000&amp;usg=AOvVaw3d1aZCLlv5l4DCB8nJehnn\">Fundaci\u00f3n &#8216;Yo Vivo en el Amor&#8217;<\/a>\u00a0<\/strong>que\u00a0tiene como objetivo principal mejorar el mundo a trav\u00e9s de la educaci\u00f3n basada en el amor, tanto para ni\u00f1os como adultos, promoviendo un futuro lleno de amor y conciencia.<\/p>\n<p>En un mundo que enfrenta desaf\u00edos diversos, desde actos atroces hasta problemas sociales como la depresi\u00f3n y la adicci\u00f3n, la fundaci\u00f3n surge como respuesta para abordar estas cuestiones fundamentales. Fundada por<strong>\u00a0<a href=\"https:\/\/facebook.us15.list-manage.com\/track\/click?u=d29e05f3cb957969a97f7b89e&amp;id=bee46d9387&amp;e=48ce6451b1\" target=\"_blank\" rel=\"noopener\" data-saferedirecturl=\"https:\/\/www.google.com\/url?q=https:\/\/facebook.us15.list-manage.com\/track\/click?u%3Dd29e05f3cb957969a97f7b89e%26id%3Dbee46d9387%26e%3D48ce6451b1&amp;source=gmail&amp;ust=1697340957304000&amp;usg=AOvVaw3qGdX1_1MvK5nsyXCRx73p\">Carlos Mesber<\/a><\/strong>, un emprendedor exitoso, productor de televisi\u00f3n, escritor y coach ontol\u00f3gico, busca colaborar con entidades gubernamentales educativas en Estados Unidos,\u00a0Am\u00e9rica Latina y en los paises donde sea necesario.<\/p>\n<p>Su enfoque se centra en incorporar elementos vitales en la educaci\u00f3n, como la autoestima, educaci\u00f3n sexual y la orientaci\u00f3n para descubrir los talentos individuales de cada ni\u00f1o. Adem\u00e1s, busca crear conciencia en los hogares sobre la importancia de brindar amor a los hijos, educar con paciencia y fomentar el amor propio.<\/p>\n<p><a href=\"https:\/\/facebook.us15.list-manage.com\/track\/click?u=d29e05f3cb957969a97f7b89e&amp;id=1739b8e55d&amp;e=48ce6451b1\" target=\"_blank\" rel=\"noopener\" data-saferedirecturl=\"https:\/\/www.google.com\/url?q=https:\/\/facebook.us15.list-manage.com\/track\/click?u%3Dd29e05f3cb957969a97f7b89e%26id%3D1739b8e55d%26e%3D48ce6451b1&amp;source=gmail&amp;ust=1697340957304000&amp;usg=AOvVaw0_QXg5xIe1_E7aemWRdr41\"><strong>Carlos Mesber<\/strong><\/a>, es tambi\u00e9n\u00a0fundador de\u00a0<strong><a href=\"https:\/\/facebook.us15.list-manage.com\/track\/click?u=d29e05f3cb957969a97f7b89e&amp;id=1b88874cd8&amp;e=48ce6451b1\" target=\"_blank\" rel=\"noopener\" data-saferedirecturl=\"https:\/\/www.google.com\/url?q=https:\/\/facebook.us15.list-manage.com\/track\/click?u%3Dd29e05f3cb957969a97f7b89e%26id%3D1b88874cd8%26e%3D48ce6451b1&amp;source=gmail&amp;ust=1697340957304000&amp;usg=AOvVaw3UKHCc2pJpKBGSnHn3SpWC\">We Love Entertainment<\/a><\/strong>,<strong>\u00a0<\/strong>casa productora de<strong>\u00a0<\/strong>programas de\u00a0televisi\u00f3n como<strong>\u00a0<a href=\"https:\/\/facebook.us15.list-manage.com\/track\/click?u=d29e05f3cb957969a97f7b89e&amp;id=e6c35d1f45&amp;e=48ce6451b1\" target=\"_blank\" rel=\"noopener\" data-saferedirecturl=\"https:\/\/www.google.com\/url?q=https:\/\/facebook.us15.list-manage.com\/track\/click?u%3Dd29e05f3cb957969a97f7b89e%26id%3De6c35d1f45%26e%3D48ce6451b1&amp;source=gmail&amp;ust=1697340957304000&amp;usg=AOvVaw3VmbNerzVh9M3MKr7JEBKz\">\u00a1Si\u00e9ntese Quien Pueda!<\/a>\u00a0<\/strong>para <strong>TelevisaUnivision<\/strong>.<\/p>\n","protected":false},"excerpt":{"rendered":"<p>La deslumbrante\u00a0Miss Universe Colombia 2023\u00a0Camila Avella\u00a0se convierte en la embajadora internacional de la\u00a0Fundaci\u00f3n &#8216;Yo Vivo en el Amor&#8217;\u00a0que\u00a0tiene como objetivo principal mejorar el mundo a trav\u00e9s de la educaci\u00f3n basada en el amor, tanto para ni\u00f1os como adultos, promoviendo un futuro lleno de amor y conciencia. En un mundo que enfrenta desaf\u00edos diversos, desde actos [&hellip;]<\/p>\n","protected":false},"author":2,"featured_media":19395,"comment_status":"closed","ping_status":"open","sticky":false,"template":"","format":"standard","meta":[],"categories":[93,146,2],"tags":[9842,10169],"wppr_data":{"cwp_meta_box_check":"No"},"_links":{"self":[{"href":"https:\/\/www.notaoficial.com\/s\/wp-json\/wp\/v2\/posts\/19394"}],"collection":[{"href":"https:\/\/www.notaoficial.com\/s\/wp-json\/wp\/v2\/posts"}],"about":[{"href":"https:\/\/www.notaoficial.com\/s\/wp-json\/wp\/v2\/types\/post"}],"author":[{"embeddable":true,"href":"https:\/\/www.notaoficial.com\/s\/wp-json\/wp\/v2\/users\/2"}],"replies":[{"embeddable":true,"href":"https:\/\/www.notaoficial.com\/s\/wp-json\/wp\/v2\/comments?post=19394"}],"version-history":[{"count":1,"href":"https:\/\/www.notaoficial.com\/s\/wp-json\/wp\/v2\/posts\/19394\/revisions"}],"predecessor-version":[{"id":19396,"href":"https:\/\/www.notaoficial.com\/s\/wp-json\/wp\/v2\/posts\/19394\/revisions\/19396"}],"wp:featuredmedia":[{"embeddable":true,"href":"https:\/\/www.notaoficial.com\/s\/wp-json\/wp\/v2\/media\/19395"}],"wp:attachment":[{"href":"https:\/\/www.notaoficial.com\/s\/wp-json\/wp\/v2\/media?parent=19394"}],"wp:term":[{"taxonomy":"category","embeddable":true,"href":"https:\/\/www.notaoficial.com\/s\/wp-json\/wp\/v2\/categories?post=19394"},{"taxonomy":"post_tag","embeddable":true,"href":"https:\/\/www.notaoficial.com\/s\/wp-json\/wp\/v2\/tags?post=19394"}],"curies":[{"name":"wp","href":"https:\/\/api.w.org\/{rel}","templated":true}]}}