{"id":19689,"date":"2023-10-30T23:55:43","date_gmt":"2023-10-31T03:55:43","guid":{"rendered":"https:\/\/www.notaoficial.com\/s\/?p=19689"},"modified":"2023-10-30T23:55:43","modified_gmt":"2023-10-31T03:55:43","slug":"el-mundo-necesita-desesperadamente-de-solidaridad","status":"publish","type":"post","link":"https:\/\/www.notaoficial.com\/s\/2023\/10\/30\/el-mundo-necesita-desesperadamente-de-solidaridad\/","title":{"rendered":"El mundo necesita desesperadamente de solidaridad"},"content":{"rendered":"<p>El sufrimiento que vemos a nuestro alrededor es un recordatorio de lo que est\u00e1 en juego cuando perdemos de vista el largo plazo, cuando dejamos atr\u00e1s a la gente y perdemos la capacidad de ponernos en los zapatos del otro. Lo que vemos es un aviso de lo que podr\u00eda ser el mundo en 2030, si fracasan los Objetivos de Desarrollo Sostenible (ODS)\u201d, advirti\u00f3 hoy Rebeca Grynspan, Secretaria General de la Conferencia de las Naciones Unidas sobre Comercio y Desarrollo (UNCTAD), durante la d\u00e9cimo s\u00e9ptima C\u00e1tedra Ra\u00fal Prebisch, dictada en la sede principal de la Comisi\u00f3n Econ\u00f3mica para Am\u00e9rica Latina y el Caribe (CEPAL).<\/p>\n<p>La ex Vicepresidenta de Costa Rica present\u00f3 la c\u00e1tedra titulada \u201cGlobalizaci\u00f3n perturbada: Prebisch, desbalances comerciales y el futuro de la econom\u00eda internacional\u201d, en la que analiz\u00f3 la transici\u00f3n entre la hiperglobalizaci\u00f3n y lo que ella llam\u00f3 \u2018poli-globalizaci\u00f3n\u2019, y profundiz\u00f3 sobre el legado de Ra\u00fal Prebisch. Las palabras inaugurales estuvieron a cargo de Jos\u00e9 Manuel Salazar-Xirinachs, Secretario Ejecutivo de la CEPAL.<\/p>\n<p>\u201cAll\u00e1 afuera, millones de personas est\u00e1n sufriendo. Las crisis econ\u00f3micas en cascada, el COVID-19, los implacables desastres clim\u00e1ticos, la guerra, la geopol\u00edtica y las insoportables cargas de la deuda est\u00e1n poniendo en cuesti\u00f3n el tejido mismo de nuestra sociedad global\u201d, advirti\u00f3 Rebeca Grynspan, primera mujer en ocupar el cargo de Secretaria General de la UNCTAD.<\/p>\n<p>Agreg\u00f3 que las agendas comunes que los pa\u00edses elaboraron en 2015 est\u00e1n rezagadas. \u201cA este ritmo solo el 15% de los ODS se cumplir\u00e1n para el 2030. Hemos visto regresiones en los indicadores de pobreza, de hambre y equidad de g\u00e9nero, solo por mencionar algunos\u201d, puntualiz\u00f3.<\/p>\n<p>La destacada economista precis\u00f3 que la inversi\u00f3n extranjera directa, por tanto tiempo motor de crecimiento y desarrollo, lleva estancada desde la crisis de 2008 en la gran mayor\u00eda de los pa\u00edses en desarrollo, y alert\u00f3 que la brecha para financiar los ODS en el Sur global, que en 2015 era de 2,5 billones, hoy alcanza los 4 billones de d\u00f3lares.<\/p>\n<p>Advirti\u00f3, asimismo, que 3,3 mil millones de personas, es decir, casi la mitad de la humanidad, viven en pa\u00edses que destinan m\u00e1s recursos al servicio de la deuda que a financiar la salud o la educaci\u00f3n.<\/p>\n<p>\u201cNos encontramos en un paradigma donde los ODS y el Acuerdo de Par\u00eds son muy dif\u00edciles de conseguir y esto es enormemente peligroso, porque los ODS son demasiado grandes para fracasar (\u2018too big to fail\u2019). Los ODS son mucho m\u00e1s que un conjunto de objetivos, son nuestra \u00faltima agenda com\u00fan en un mundo m\u00e1s polarizado que nunca, un mundo que necesita desesperadamente de solidaridad, fraternidad y multilateralismo\u201d, afirm\u00f3.<\/p>\n<p>Durante su c\u00e1tedra, Rebeca Grynspan asever\u00f3 que transitamos entre un per\u00edodo de hiperglobalizaci\u00f3n y otro de poli-globalizaci\u00f3n. Precis\u00f3 que el cenit de la hiperglobalizaci\u00f3n se dio entre 1990-2010, cuando la IED se multiplic\u00f3 por 7, el comercio internacional por 4, y el acceso a Internet lleg\u00f3 al 30% de la poblaci\u00f3n.<\/p>\n<p>\u201cPero debajo de la superficie, tres factores negativos crecieron en este per\u00edodo: la desigualdad al interior de los pa\u00edses, la desindustrializaci\u00f3n prematura (con un estancamiento del empleo), y la falta de resiliencia en el sistema internacional\u201d, advirti\u00f3.<\/p>\n<p>La Secretaria General de la UNCTAD precis\u00f3 que el mundo enfrenta hoy una globalizaci\u00f3n m\u00e1s descentralizada, el tr\u00e1nsito de un sistema dominado por unas pocas potencias globales a una red de polos regionales, grandes econom\u00edas continentales del Sur y el auge de distintos foros plurinacionales. \u201cNos enfrentamos a un multilateralismo competitivo, no universal\u201d, asever\u00f3.<\/p>\n<p>Asimismo, subray\u00f3 que, si bien a\u00fan no est\u00e1 claro si la multipolaridad profundizar\u00e1 el multilateralismo, es conocido que est\u00e1n surgiendo importantes polos pol\u00edticos.<\/p>\n<p>\u201cDe momento, sin embargo, la geopol\u00edtica de la multipolaridad nos est\u00e1 dejando sin espacios libres\u201d, afirm\u00f3, y explic\u00f3 que en el multilateralismo debe haber espacios independientes, pero hoy en d\u00eda pareciera que todo est\u00e1 te\u00f1ido por la geopol\u00edtica.<\/p>\n<p>Advirti\u00f3 tambi\u00e9n sobre la existencia de una crisis en las reglas del comercio.<\/p>\n<p>\u201cEl mundo no cuenta con una estructura comercial adaptada a un contexto donde todos los polos est\u00e1n haciendo pol\u00edtica industrial. Esto, en el largo plazo puede ser un peligro, en especial para los pa\u00edses peque\u00f1os que dependen de un comercio internacional basado en reglas\u201d, expres\u00f3.<\/p>\n<p>Finalmente, Rebeca Grynspan realiz\u00f3 un profundo an\u00e1lisis sobre el trabajo y el legado de Ra\u00fal Prebisch, ex Secretario Ejecutivo de la CEPAL (1950-1963) y ex Secretario General de la UNCTAD (1964-1969).<\/p>\n<p>Destac\u00f3 que uno de los principales legados de Prebisch es su llamado a la cooperaci\u00f3n multilateral y destac\u00f3 que hoy, en el marco de la poli-globalizaci\u00f3n, este llamado debe dar voz a los pa\u00edses que hist\u00f3ricamente han sido marginados en la toma de decisiones a nivel global.<\/p>\n<p>\u201cNuestras instituciones (CEPAL y UNCTAD) en su longevidad han hecho mucho por dar esta voz, cerrar esta brecha y proveer soluciones justas para todos los pa\u00edses, pero nuestra mayor tarea apenas comienza\u201d, afirm\u00f3.<\/p>\n<p>En su discurso inaugural, en tanto, el Secretario Ejecutivo de la CEPAL, Jos\u00e9 Manuel Salazar-Xirinachs, destac\u00f3 la importancia de la C\u00e1tedra Ra\u00fal Prebisch, \u201cun espacio de reflexi\u00f3n y an\u00e1lisis que siempre ha tenido su mirada puesta en c\u00f3mo construir un futuro mejor para todas las personas; no solamente la remembranza del pasado, o la mera contemplaci\u00f3n del presente\u201d.<\/p>\n<p>\u201cHemos sufrido la pavorosa pandemia del COVID-19, con sus enormes y devastadoras consecuencias econ\u00f3micas y sociales. Se ha acelerado la revoluci\u00f3n tecnol\u00f3gica y digital, pero tambi\u00e9n la rivalidad tecnol\u00f3gica entre las grandes potencias. Hemos tenido una crisis en las cadenas globales de suministros. Pasamos a una nueva era de alta inflaci\u00f3n y altas tasas de inter\u00e9s y costo del cr\u00e9dito. Y cuando pens\u00e1bamos que las guerras hab\u00edan quedado para la historia, explot\u00f3 la guerra en Ucrania, y ahora otra en el medio oriente, con consecuencias y riesgos potencialmente devastadores. A esto hay que agregar los impactos ya muy claros del cambio clim\u00e1tico\u201d, alert\u00f3 el m\u00e1ximo representante de la comisi\u00f3n regional.<\/p>\n<p>A\u00f1adi\u00f3 que, ante un contexto de profundos retos, desaf\u00edos y amenazas al progreso humano, ante el cambio radical en las realidades y percepciones sobre las ventajas y riesgos de la interdependencia y la globalizaci\u00f3n, ante nuevas amenazas para el multilateralismo, as\u00ed como para los sistemas democr\u00e1ticos, retomar la C\u00e1tedra Ra\u00fal Prebisch resultaba indispensable.<\/p>\n<p>\u201cY retomamos hoy esta C\u00e1tedra con una persona que ha estudiado a profundidad el desarrollo humano; que ha dedicado su vida a la lucha contra la pobreza y por generar mayores condiciones de desarrollo con equidad; que tiene una amplia visi\u00f3n de mundo y de la regi\u00f3n, con una extraordinaria capacidad de negociaci\u00f3n y di\u00e1logo en espacios regionales y multilaterales; y que, adem\u00e1s, siempre ha tenido una especial sensibilidad por aquellas personas que se encuentran en condici\u00f3n de vulnerabilidad y de injusticia\u201d, enfatiz\u00f3.<\/p>\n<p>La C\u00e1tedra Ra\u00fal Prebisch fue creada en 2001 por el entonces Secretario Ejecutivo Jos\u00e9 Antonio Ocampo, como una forma de rendir homenaje al destacado economista argentino en el centenario de su nacimiento. En agosto del a\u00f1o 2001, la Comisi\u00f3n tuvo como primer conferencista de la nueva c\u00e1tedra al recordado economista brasile\u00f1o Celso Furtado. Desde entonces, han impartido la c\u00e1tedra destacadas figuras como Joseph Stiglitz, Fernando Henrique Cardoso, Rubens Ricupero, Dani Rodrik, Enrique V. Iglesias, Tulio Halperin, Fernando Savater, Aldo Ferrer, Jos\u00e9 Antonio Ocampo, Danilo Astori, Luiz Gonzaga de Mello Belluzzo, Rolando Cordera, Mariana Mazzucato, Ricardo Ffrench-Davis y Ha-Joon Chang.<\/p>\n","protected":false},"excerpt":{"rendered":"<p>El sufrimiento que vemos a nuestro alrededor es un recordatorio de lo que est\u00e1 en juego cuando perdemos de vista el largo plazo, cuando dejamos atr\u00e1s a la gente y perdemos la capacidad de ponernos en los zapatos del otro. Lo que vemos es un aviso de lo que podr\u00eda ser el mundo en 2030, [&hellip;]<\/p>\n","protected":false},"author":2,"featured_media":19690,"comment_status":"closed","ping_status":"open","sticky":false,"template":"","format":"standard","meta":[],"categories":[93,146,2],"tags":[1027,9570],"wppr_data":{"cwp_meta_box_check":"No"},"_links":{"self":[{"href":"https:\/\/www.notaoficial.com\/s\/wp-json\/wp\/v2\/posts\/19689"}],"collection":[{"href":"https:\/\/www.notaoficial.com\/s\/wp-json\/wp\/v2\/posts"}],"about":[{"href":"https:\/\/www.notaoficial.com\/s\/wp-json\/wp\/v2\/types\/post"}],"author":[{"embeddable":true,"href":"https:\/\/www.notaoficial.com\/s\/wp-json\/wp\/v2\/users\/2"}],"replies":[{"embeddable":true,"href":"https:\/\/www.notaoficial.com\/s\/wp-json\/wp\/v2\/comments?post=19689"}],"version-history":[{"count":1,"href":"https:\/\/www.notaoficial.com\/s\/wp-json\/wp\/v2\/posts\/19689\/revisions"}],"predecessor-version":[{"id":19691,"href":"https:\/\/www.notaoficial.com\/s\/wp-json\/wp\/v2\/posts\/19689\/revisions\/19691"}],"wp:featuredmedia":[{"embeddable":true,"href":"https:\/\/www.notaoficial.com\/s\/wp-json\/wp\/v2\/media\/19690"}],"wp:attachment":[{"href":"https:\/\/www.notaoficial.com\/s\/wp-json\/wp\/v2\/media?parent=19689"}],"wp:term":[{"taxonomy":"category","embeddable":true,"href":"https:\/\/www.notaoficial.com\/s\/wp-json\/wp\/v2\/categories?post=19689"},{"taxonomy":"post_tag","embeddable":true,"href":"https:\/\/www.notaoficial.com\/s\/wp-json\/wp\/v2\/tags?post=19689"}],"curies":[{"name":"wp","href":"https:\/\/api.w.org\/{rel}","templated":true}]}}