{"id":19791,"date":"2023-11-05T23:42:35","date_gmt":"2023-11-06T03:42:35","guid":{"rendered":"https:\/\/www.notaoficial.com\/s\/?p=19791"},"modified":"2023-11-05T23:42:35","modified_gmt":"2023-11-06T03:42:35","slug":"tokischa-destaca-en-los-fashion-awards","status":"publish","type":"post","link":"https:\/\/www.notaoficial.com\/s\/2023\/11\/05\/tokischa-destaca-en-los-fashion-awards\/","title":{"rendered":"Tokischa destaca en los Fashion Awards"},"content":{"rendered":"<p>Francisco D&#8217;Agostino<\/p>\n<p>El pasado 4 de noviembre, la talentosa artista <b>Tokischa (<a href=\"https:\/\/www.google.com\/url?sa=t&amp;rct=j&amp;q=&amp;esrc=s&amp;source=web&amp;cd=&amp;cad=rja&amp;uact=8&amp;ved=2ahUKEwjS1caRuq6CAxXlRDABHWvOA7oQFnoECBUQAQ&amp;url=https%3A%2F%2Fwww.instagram.com%2Ftokischa.popola%2F&amp;usg=AOvVaw1NHlTUiHubPhfDlucy-cjd&amp;opi=89978449\">@tokischa.popola<\/a>)<\/b> brill\u00f3 en la primera ceremonia de los <b>Latin American Fashion Awards<\/b>, un evento que reuni\u00f3 a destacados artistas y personalidades de la moda en Altos de Chav\u00f3n, La Romana, Rep\u00fablica Dominicana. La ceremonia ten\u00eda como objetivo promocionar el talento latinoamericano y honrar la rica herencia de la regi\u00f3n, destacando a los talentos de la moda de Am\u00e9rica Latina.<\/p>\n<p>El evento reuni\u00f3 a una impresionante lista de artistas, dise\u00f1adores y personalidades influyentes, incluyendo a figuras como J Balvin, Valentina Ferrer, Kiko El Crazy, entre otros. Entre los asistentes, Tokischa se destac\u00f3 por su singular estilo y presencia en el escenario.<\/p>\n<p>Francisco D&#8217;Agostino<\/p>\n<p>La artista, conocida por su mensaje social y su impacto en la m\u00fasica a nivel mundial, opt\u00f3 por un estilismo llamativo para la ocasi\u00f3n. Llevaba un peinado inspirado en el estilo \u00abhippie\u00bb, argollas, un llamativo calzado de tac\u00f3n grueso y alto, y un maquillaje que resaltaba su delineado \u00abcat eye\u00bb. Su atuendo consist\u00eda en un top y una falda negra, ambos dise\u00f1ados por Jean Paul Gaultier, lo que la convirti\u00f3 en el centro de atenci\u00f3n con su estilo \u00fanico y vanguardista. Durante la entrega de premios, Tokischa luci\u00f3 un elegante vestido negro corto con un corte palabra de honor, completando su look con elegancia y sofisticaci\u00f3n.<\/p>\n<p>Los Latin American Fashion Awards se han convertido en un evento emblem\u00e1tico que celebra la creatividad y el talento latinoamericano en la moda. La participaci\u00f3n de Tokischa en esta ceremonia demuestra su versatilidad y su capacidad para destacar tanto en el mundo de la m\u00fasica como en la moda.<\/p>\n<p>Este evento fue una oportunidad para celebrar y empoderar a los talentos de la moda en Am\u00e9rica Latina y destacar la influencia de la regi\u00f3n en la industria de la moda a nivel global. Tokischa se une a una lista de distinguidas personalidades que est\u00e1n contribuyendo al crecimiento y reconocimiento de la moda en Am\u00e9rica Latina.<span style=\"color: #888888;\"><br clear=\"all\" \/><\/span><\/p>\n<p>Francisco D&#8217;Agostino<\/p>\n","protected":false},"excerpt":{"rendered":"<p>Francisco D&#8217;Agostino El pasado 4 de noviembre, la talentosa artista Tokischa (@tokischa.popola) brill\u00f3 en la primera ceremonia de los Latin American Fashion Awards, un evento que reuni\u00f3 a destacados artistas y personalidades de la moda en Altos de Chav\u00f3n, La Romana, Rep\u00fablica Dominicana. La ceremonia ten\u00eda como objetivo promocionar el talento latinoamericano y honrar la [&hellip;]<\/p>\n","protected":false},"author":2,"featured_media":19792,"comment_status":"closed","ping_status":"open","sticky":false,"template":"","format":"standard","meta":[],"categories":[93,146,2],"tags":[9110,9934],"wppr_data":{"cwp_meta_box_check":"No"},"_links":{"self":[{"href":"https:\/\/www.notaoficial.com\/s\/wp-json\/wp\/v2\/posts\/19791"}],"collection":[{"href":"https:\/\/www.notaoficial.com\/s\/wp-json\/wp\/v2\/posts"}],"about":[{"href":"https:\/\/www.notaoficial.com\/s\/wp-json\/wp\/v2\/types\/post"}],"author":[{"embeddable":true,"href":"https:\/\/www.notaoficial.com\/s\/wp-json\/wp\/v2\/users\/2"}],"replies":[{"embeddable":true,"href":"https:\/\/www.notaoficial.com\/s\/wp-json\/wp\/v2\/comments?post=19791"}],"version-history":[{"count":1,"href":"https:\/\/www.notaoficial.com\/s\/wp-json\/wp\/v2\/posts\/19791\/revisions"}],"predecessor-version":[{"id":19793,"href":"https:\/\/www.notaoficial.com\/s\/wp-json\/wp\/v2\/posts\/19791\/revisions\/19793"}],"wp:featuredmedia":[{"embeddable":true,"href":"https:\/\/www.notaoficial.com\/s\/wp-json\/wp\/v2\/media\/19792"}],"wp:attachment":[{"href":"https:\/\/www.notaoficial.com\/s\/wp-json\/wp\/v2\/media?parent=19791"}],"wp:term":[{"taxonomy":"category","embeddable":true,"href":"https:\/\/www.notaoficial.com\/s\/wp-json\/wp\/v2\/categories?post=19791"},{"taxonomy":"post_tag","embeddable":true,"href":"https:\/\/www.notaoficial.com\/s\/wp-json\/wp\/v2\/tags?post=19791"}],"curies":[{"name":"wp","href":"https:\/\/api.w.org\/{rel}","templated":true}]}}