{"id":19800,"date":"2023-11-05T23:49:37","date_gmt":"2023-11-06T03:49:37","guid":{"rendered":"https:\/\/www.notaoficial.com\/s\/?p=19800"},"modified":"2023-11-06T00:12:05","modified_gmt":"2023-11-06T04:12:05","slug":"noel-vargas-presenta-su-nuevo-sencillo","status":"publish","type":"post","link":"https:\/\/www.notaoficial.com\/s\/2023\/11\/05\/noel-vargas-presenta-su-nuevo-sencillo\/","title":{"rendered":"Noel Vargas presenta su nuevo sencillo"},"content":{"rendered":"<div class=\"m_-4261853053659925178module\" dir=\"ltr\">\n<p align=\"justify\">El talentoso m\u00fasico y compositor <strong>Noel Vargas<\/strong> se complace en anunciar el lanzamiento de su nuevo sencillo <strong>\u201cRefugio\u201d<\/strong>, presentando al destacado cantante <strong>Javier Luis<\/strong>. Este emocionante proyecto musical destaca por su original arreglo y composici\u00f3n a cargo de Noel Vargas, y cuenta con la producci\u00f3n del reconocido H\u00e9ctor Mestre.<\/p>\n<p align=\"justify\">El sencillo <strong>\u201cRefugio\u201d<\/strong> es una obra que promete cautivar a los amantes de la m\u00fasica con su mezcla \u00fanica de ritmos y su profunda letra, que habla directamente al coraz\u00f3n de los oyentes. La colaboraci\u00f3n entre Noel Vargas y Javier Luis es una fusi\u00f3n de talentos que trae una nueva dimensi\u00f3n a la escena musical, ofreciendo una experiencia auditiva que es tanto refrescante como conmovedora.<\/p>\n<p align=\"justify\"><strong>Noel Vargas<\/strong> ha establecido una reputaci\u00f3n en la industria por su habilidad para crear melod\u00edas que resonan con una amplia audiencia, y su \u00faltima obra no es la excepci\u00f3n. Con <strong>\u201cRefugio\u201d<\/strong>, Vargas contin\u00faa su trayectoria de \u00e9xitos y se consolida como uno de los compositores m\u00e1s innovadores de su generaci\u00f3n.<\/p>\n<p align=\"justify\">La producci\u00f3n de Noel Vargas cuenta con la co-producci\u00f3n de H\u00e9ctor Mestre quien aporta una calidad excepcional al sencillo, asegurando que cada nota y cada palabra transmiten la pasi\u00f3n y el esfuerzo invertido en esta creaci\u00f3n. La combinaci\u00f3n de su experiencia y la visi\u00f3n art\u00edstica de Vargas ha dado como resultado una pieza que seguramente ser\u00e1 un hit en las listas de reproducci\u00f3n.<\/p>\n<p align=\"justify\">El lanzamiento de <strong>\u201cRefugio\u201d<\/strong> es un evento muy esperado y marca un momento significativo en la carrera de Noel Vargas. Se invita a los medios de comunicaci\u00f3n, cr\u00edticos de m\u00fasica y fans a escuchar y compartir este sencillo que est\u00e1 destinado a ser un referente en la m\u00fasica contempor\u00e1nea: <a href=\"https:\/\/email.cloud2.secureclick.net\/c\/2102?id=305788.2452.1.a6bc916b4de92d4cc72345a8cb798e27\" target=\"_blank\" rel=\"noopener\" data-saferedirecturl=\"https:\/\/www.google.com\/url?q=https:\/\/email.cloud2.secureclick.net\/c\/2102?id%3D305788.2452.1.a6bc916b4de92d4cc72345a8cb798e27&amp;source=gmail&amp;ust=1699328199711000&amp;usg=AOvVaw0V5zQ7npuYgOXFxN7r5Tx-\">https:\/\/youtu.be\/Ss19-ap0r9I?<wbr \/>si=o1_K5vmrh-PFPqx5<\/a><\/p>\n<\/div>\n","protected":false},"excerpt":{"rendered":"<p>El talentoso m\u00fasico y compositor Noel Vargas se complace en anunciar el lanzamiento de su nuevo sencillo \u201cRefugio\u201d, presentando al destacado cantante Javier Luis. Este emocionante proyecto musical destaca por su original arreglo y composici\u00f3n a cargo de Noel Vargas, y cuenta con la producci\u00f3n del reconocido H\u00e9ctor Mestre. El sencillo \u201cRefugio\u201d es una obra [&hellip;]<\/p>\n","protected":false},"author":2,"featured_media":19801,"comment_status":"closed","ping_status":"open","sticky":false,"template":"","format":"standard","meta":[],"categories":[93,146,2],"tags":[1176,381],"wppr_data":{"cwp_meta_box_check":"No"},"_links":{"self":[{"href":"https:\/\/www.notaoficial.com\/s\/wp-json\/wp\/v2\/posts\/19800"}],"collection":[{"href":"https:\/\/www.notaoficial.com\/s\/wp-json\/wp\/v2\/posts"}],"about":[{"href":"https:\/\/www.notaoficial.com\/s\/wp-json\/wp\/v2\/types\/post"}],"author":[{"embeddable":true,"href":"https:\/\/www.notaoficial.com\/s\/wp-json\/wp\/v2\/users\/2"}],"replies":[{"embeddable":true,"href":"https:\/\/www.notaoficial.com\/s\/wp-json\/wp\/v2\/comments?post=19800"}],"version-history":[{"count":1,"href":"https:\/\/www.notaoficial.com\/s\/wp-json\/wp\/v2\/posts\/19800\/revisions"}],"predecessor-version":[{"id":19802,"href":"https:\/\/www.notaoficial.com\/s\/wp-json\/wp\/v2\/posts\/19800\/revisions\/19802"}],"wp:featuredmedia":[{"embeddable":true,"href":"https:\/\/www.notaoficial.com\/s\/wp-json\/wp\/v2\/media\/19801"}],"wp:attachment":[{"href":"https:\/\/www.notaoficial.com\/s\/wp-json\/wp\/v2\/media?parent=19800"}],"wp:term":[{"taxonomy":"category","embeddable":true,"href":"https:\/\/www.notaoficial.com\/s\/wp-json\/wp\/v2\/categories?post=19800"},{"taxonomy":"post_tag","embeddable":true,"href":"https:\/\/www.notaoficial.com\/s\/wp-json\/wp\/v2\/tags?post=19800"}],"curies":[{"name":"wp","href":"https:\/\/api.w.org\/{rel}","templated":true}]}}