{"id":19865,"date":"2023-11-09T23:38:41","date_gmt":"2023-11-10T03:38:41","guid":{"rendered":"https:\/\/www.notaoficial.com\/s\/?p=19865"},"modified":"2023-11-09T23:38:41","modified_gmt":"2023-11-10T03:38:41","slug":"mari-la-carajita-se-une-a-akapellah-en-el-explosivo-nuevo-sencillo","status":"publish","type":"post","link":"https:\/\/www.notaoficial.com\/s\/2023\/11\/09\/mari-la-carajita-se-une-a-akapellah-en-el-explosivo-nuevo-sencillo\/","title":{"rendered":"Mari \u00abLa Carajita\u00bb se une a Akapellah en el explosivo nuevo sencillo"},"content":{"rendered":"<p>En un movimiento que seguramente sacudir\u00e1 las bases de la m\u00fasica urbana, Mari \u00abLa Carajita\u00bb, la nueva sensaci\u00f3n femenina del g\u00e9nero en Venezuela, ha lanzado un sencillo promocional en colaboraci\u00f3n con el aclamado rapero y freestyler venezolano, Akapellah. Este lanzamiento marca un hito en la carrera de Mari, apuntando hacia la internacionalizaci\u00f3n de su propuesta art\u00edstica.<\/p>\n<p>El sencillo, titulado \u00abNaiky\u00bb, fusiona con audacia ritmos de salsa con el filo del rap y melod\u00edas urbanas, creando una composici\u00f3n perspicaz y un ritmo que invita a moverse. La producci\u00f3n de esta joya musical ha estado a cargo de IVDA, quien ha tejido con maestr\u00eda las diversas influencias que caracterizan el track.<\/p>\n<p>El estreno de \u00abNaiky\u00bb viene acompa\u00f1ado de un video oficial (<a href=\"https:\/\/youtu.be\/0kyHMX5k3lQ?si=fgVM13r3Juauhi3Z\" target=\"_blank\" rel=\"noopener\" data-saferedirecturl=\"https:\/\/www.google.com\/url?q=https:\/\/youtu.be\/0kyHMX5k3lQ?si%3DfgVM13r3Juauhi3Z&amp;source=gmail&amp;ust=1699673208473000&amp;usg=AOvVaw2j7nQ5uAYvvcHg75ccG5qY\">https:\/\/youtu.be\/0kyHMX5k3lQ?<wbr \/>si=fgVM13r3Juauhi3Z<\/a>), capturado en las vibrantes y encantadoras calles de Caracas. La direcci\u00f3n del video ha estado bajo la lente creativa de Jaen, con la producci\u00f3n ejecutiva de Neighborhood Dreams, logrando plasmar visualmente la esencia de la canci\u00f3n.<\/p>\n<p>Mari, oriunda de Cuman\u00e1, Venezuela ha sido una fuerza impulsora en la industria, llevando la identidad venezolana a cada nota y letra de su m\u00fasica. Con \u00e9xitos previos como \u00abCuchi\u00bb, que domin\u00f3 el primer puesto en los Spotify Charts de Venezuela y escal\u00f3 posiciones en Rep\u00fablica Dominicana, Mari ha sabido capturar la atenci\u00f3n en plataformas como TikTok, Instagram y Twitter. Sus sencillos \u00abMalandra\u00bb y \u00abYo soy artista, no tu mam\u00e1\u00bb, han resonado en la cotidianidad venezolana, tendiendo puentes entre g\u00e9neros y sumergi\u00e9ndose en las ra\u00edces de la m\u00fasica para crear obras que son a la vez espejos de su cultura y ventanales hacia nuevos horizontes sonoros.<\/p>\n<p>La colaboraci\u00f3n con Akapellah no es solo un encuentro de talentos, sino tambi\u00e9n un reflejo de la sinergia y el dinamismo presentes en la m\u00fasica urbana actual. Con \u00abNaiky\u00bb, Mari \u00abLa Carajita\u00bb y Akapellah no solo est\u00e1n marcando un antes y un despu\u00e9s en sus carreras sino que tambi\u00e9n est\u00e1n redefiniendo lo que la m\u00fasica urbana venezolana significa para el mundo.<span style=\"color: #888888;\"><br clear=\"all\" \/><\/span><\/p>\n","protected":false},"excerpt":{"rendered":"<p>En un movimiento que seguramente sacudir\u00e1 las bases de la m\u00fasica urbana, Mari \u00abLa Carajita\u00bb, la nueva sensaci\u00f3n femenina del g\u00e9nero en Venezuela, ha lanzado un sencillo promocional en colaboraci\u00f3n con el aclamado rapero y freestyler venezolano, Akapellah. Este lanzamiento marca un hito en la carrera de Mari, apuntando hacia la internacionalizaci\u00f3n de su propuesta [&hellip;]<\/p>\n","protected":false},"author":2,"featured_media":19866,"comment_status":"closed","ping_status":"open","sticky":false,"template":"","format":"standard","meta":[],"categories":[93,146,2],"tags":[381,9944],"wppr_data":{"cwp_meta_box_check":"No"},"_links":{"self":[{"href":"https:\/\/www.notaoficial.com\/s\/wp-json\/wp\/v2\/posts\/19865"}],"collection":[{"href":"https:\/\/www.notaoficial.com\/s\/wp-json\/wp\/v2\/posts"}],"about":[{"href":"https:\/\/www.notaoficial.com\/s\/wp-json\/wp\/v2\/types\/post"}],"author":[{"embeddable":true,"href":"https:\/\/www.notaoficial.com\/s\/wp-json\/wp\/v2\/users\/2"}],"replies":[{"embeddable":true,"href":"https:\/\/www.notaoficial.com\/s\/wp-json\/wp\/v2\/comments?post=19865"}],"version-history":[{"count":1,"href":"https:\/\/www.notaoficial.com\/s\/wp-json\/wp\/v2\/posts\/19865\/revisions"}],"predecessor-version":[{"id":19867,"href":"https:\/\/www.notaoficial.com\/s\/wp-json\/wp\/v2\/posts\/19865\/revisions\/19867"}],"wp:featuredmedia":[{"embeddable":true,"href":"https:\/\/www.notaoficial.com\/s\/wp-json\/wp\/v2\/media\/19866"}],"wp:attachment":[{"href":"https:\/\/www.notaoficial.com\/s\/wp-json\/wp\/v2\/media?parent=19865"}],"wp:term":[{"taxonomy":"category","embeddable":true,"href":"https:\/\/www.notaoficial.com\/s\/wp-json\/wp\/v2\/categories?post=19865"},{"taxonomy":"post_tag","embeddable":true,"href":"https:\/\/www.notaoficial.com\/s\/wp-json\/wp\/v2\/tags?post=19865"}],"curies":[{"name":"wp","href":"https:\/\/api.w.org\/{rel}","templated":true}]}}