{"id":19868,"date":"2023-11-09T23:41:50","date_gmt":"2023-11-10T03:41:50","guid":{"rendered":"https:\/\/www.notaoficial.com\/s\/?p=19868"},"modified":"2023-11-09T23:41:50","modified_gmt":"2023-11-10T03:41:50","slug":"paises-aprueban-propuesta-de-avanzar-hacia-una-agenda","status":"publish","type":"post","link":"https:\/\/www.notaoficial.com\/s\/2023\/11\/09\/paises-aprueban-propuesta-de-avanzar-hacia-una-agenda\/","title":{"rendered":"Pa\u00edses aprueban propuesta de avanzar hacia una agenda"},"content":{"rendered":"<p>Autoridades aprobaron hoy la propuesta de avanzar hacia una agenda regional de gobernanza de la planificaci\u00f3n y la gesti\u00f3n p\u00fablica para el desarrollo sostenible, durante la clausura de la <a href=\"https:\/\/crp-ilpes.cepal.org\/19\/es\" data-saferedirecturl=\"https:\/\/www.google.com\/url?q=https:\/\/crp-ilpes.cepal.org\/19\/es&amp;source=gmail&amp;ust=1699673208502000&amp;usg=AOvVaw1Fr_4a2JgfJyPepEMPlIz2\"> Decimonovena reuni\u00f3n del Consejo Regional de Planificaci\u00f3n del Instituto Latinoamericano y del Caribe de Planificaci\u00f3n Econ\u00f3mica y Social (ILPES)<\/a> de la Comisi\u00f3n Econ\u00f3mica para Am\u00e9rica Latina y el Caribe (CEPAL), que concluy\u00f3 hoy en Santo Domingo, Rep\u00fablica Dominicana.<\/p>\n<p>La propuesta, realizada por la Presidencia de la Mesa Directiva del Consejo Regional de Planificaci\u00f3n, encabezada por la Rep\u00fablica Dominicana, est\u00e1 constituida por cuatro ejes: la dimensi\u00f3n de futuro en el marco del desarrollo sostenible, la gobernabilidad y las instituciones resilientes, la planificaci\u00f3n para la integralidad y coherencia de las pol\u00edticas, y el valor p\u00fablico y la cultura del aprendizaje continuo.<\/p>\n<p>\u201cEstamos obligados a responder a nuestra gente, estamos obligados a responderles a nuestros pueblos, para mejorar su calidad de vida, y como dice la Agenda 2030, para no dejar a nadie atr\u00e1s\u201d, afirm\u00f3 el Ministro de Econom\u00eda, Planificaci\u00f3n y Desarrollo de Rep\u00fablica Dominicana, P\u00e1vel Isa Contreras, al cierre de la reuni\u00f3n.<\/p>\n<p>Indic\u00f3 que para conseguir esos objetivos los pa\u00edses necesitan trabajar en cuatro \u00e1reas: (i) acelerar el crecimiento y la transformaci\u00f3n productiva; (ii) impulsar la equidad social y territorial, fortaleciendo la calidad y la cobertura de los servicios p\u00fablicos, poniendo al Estado en capacidad para lograrlo; (iii) impulsar m\u00e1s sostenibilidad ambiental y al mismo tiempo acelerar la transici\u00f3n verde, y (iv) reducir riesgos y construir resiliencia frente a los efectos del cambio clim\u00e1tico.<\/p>\n<p>\u201cEso no sucede de manera aut\u00f3noma, hay que tener pol\u00edticas p\u00fablicas de calidad que conduzcan a nuestros pa\u00edses en esa direcci\u00f3n\u201d, subray\u00f3.<\/p>\n<p>Por su parte, Cielo Morales, Directora del ILPES, destac\u00f3 que la prospectiva es parte del pensamiento estrat\u00e9gico y se encuentra al servicio de la planificaci\u00f3n, y la planificaci\u00f3n al servicio del territorio.<\/p>\n<p>\u201cLa cultura de futuro, la integraci\u00f3n de los j\u00f3venes en la toma de decisiones, el gobierno abierto y el gobierno digital y el desarrollo territorial resiliente cuentan con elementos comunes importantes: requieren de un abordaje integral y sist\u00e9mico, de una mirada de largo plazo, en la que se transitar\u00e1n por m\u00faltiples futuros y de un cambio cultural e institucional que comparta poder con una multiplicidad de actores para fomentar estructuras colaborativas, una renovada gobernanza y una fortalecida democracia\u201d, afirm\u00f3.<\/p>\n<p>A\u00f1adi\u00f3 que contar con una agenda regional que fomente el trabajo en red, el fortalecimiento de capacidades en la construcci\u00f3n de sistemas de informaci\u00f3n robustos, de gesti\u00f3n por resultados y que apoye a los pa\u00edses a compartir buenas pr\u00e1cticas, instrumentos de pol\u00edtica, pr\u00e1cticas colaborativas, estructuras institucionales flexibles y reticulares ser\u00e1 clave para enfocar los esfuerzos de los Estados hacia un desarrollo m\u00e1s sostenible y productivo.<\/p>\n<p>El encuentro de alto nivel, que se extendi\u00f3 del 7 al 9 de noviembre, fue organizado por la CEPAL y el Gobierno de la Rep\u00fablica Dominicana, a trav\u00e9s del Ministerio de Econom\u00eda, Planificaci\u00f3n y Desarrollo, y cont\u00f3 con la participaci\u00f3n presencial de\u00a0ministros, viceministros y jefes de planificaci\u00f3n de 17 pa\u00edses de la regi\u00f3n, adem\u00e1s de autoridades de cinco pa\u00edses de manera virtual.<\/p>\n<p>En las <strong>resoluciones<\/strong> de la reuni\u00f3n, las autoridades reconocieron la importancia de la coherencia e integralidad de las pol\u00edticas p\u00fablicas para fortalecer los procesos e instrumentos de la planificaci\u00f3n para el desarrollo y la gesti\u00f3n p\u00fablica para la implementaci\u00f3n de la Agenda 2030 para el Desarrollo Sostenible en Am\u00e9rica Latina y el Caribe, y solicitaron al ILPES mantener las modalidades de trabajo de investigaci\u00f3n aplicada, cooperaci\u00f3n t\u00e9cnica y capacitaci\u00f3n para promover la participaci\u00f3n de m\u00faltiples actores y la articulaci\u00f3n pluritemporal, intersectorial y en m\u00faltiples niveles en el dise\u00f1o y la implementaci\u00f3n de las pol\u00edticas p\u00fablicas.<\/p>\n<p>Asimismo, valoraron la contribuci\u00f3n del documento de posici\u00f3n <strong><em><a href=\"https:\/\/crp-ilpes.cepal.org\/19\/es\/documentos\/prospectiva-desarrollo-aportes-gobernanza-territorial-mirada-futuro\" data-saferedirecturl=\"https:\/\/www.google.com\/url?q=https:\/\/crp-ilpes.cepal.org\/19\/es\/documentos\/prospectiva-desarrollo-aportes-gobernanza-territorial-mirada-futuro&amp;source=gmail&amp;ust=1699673208502000&amp;usg=AOvVaw0fZFhCdUXJF84_fuXopuFZ\">Prospectiva para el desarrollo: aportes para una gobernanza territorial con mirada de futuro<\/a><\/em><\/strong>, que fue\u00a0presentado\u00a0durante la jornada inaugural.<\/p>\n<p>Tambi\u00e9n solicitaron al ILPES que contin\u00fae con los trabajos para fortalecer las capacidades en planificaci\u00f3n y gesti\u00f3n p\u00fablica de los pa\u00edses de la regi\u00f3n, haciendo especial hincapi\u00e9 en el robustecimiento de los sistemas nacionales de planificaci\u00f3n, y la transversalizaci\u00f3n de los enfoques de igualdad de g\u00e9nero, de gesti\u00f3n de riesgos y de reducci\u00f3n del riesgo de desastres y acci\u00f3n clim\u00e1tica en el ciclo de la gesti\u00f3n p\u00fablica.<\/p>\n<p>Pidieron tambi\u00e9n al Instituto la profundizaci\u00f3n y sistematizaci\u00f3n de experiencias regionales y extrarregionales sobre planificaci\u00f3n y gesti\u00f3n p\u00fablica y la construcci\u00f3n de instituciones m\u00e1s resilientes ante las crisis y la incertidumbre; la ampliaci\u00f3n del <a href=\"https:\/\/observatorioplanificacion.cepal.org\/es\" data-saferedirecturl=\"https:\/\/www.google.com\/url?q=https:\/\/observatorioplanificacion.cepal.org\/es&amp;source=gmail&amp;ust=1699673208502000&amp;usg=AOvVaw1_2AMpkx5w_dP_nMaCstAG\">Observatorio Regional de Planificaci\u00f3n para el Desarrollo de Am\u00e9rica Latina y el Caribe<\/a>, y el intercambio de experiencias y buenas pr\u00e1cticas en lo que respecta al uso de instrumentos, metodolog\u00edas y herramientas de planificaci\u00f3n y gesti\u00f3n p\u00fablica y la colaboraci\u00f3n en esta materia.<\/p>\n<p>La Mesa Directiva del Consejo Regional de Planificaci\u00f3n qued\u00f3 compuesta por Rep\u00fablica Dominicana en la Presidencia, acompa\u00f1ada por Chile, Dominica, Ecuador, Guatemala, Jamaica y Per\u00fa.<\/p>\n","protected":false},"excerpt":{"rendered":"<p>Autoridades aprobaron hoy la propuesta de avanzar hacia una agenda regional de gobernanza de la planificaci\u00f3n y la gesti\u00f3n p\u00fablica para el desarrollo sostenible, durante la clausura de la Decimonovena reuni\u00f3n del Consejo Regional de Planificaci\u00f3n del Instituto Latinoamericano y del Caribe de Planificaci\u00f3n Econ\u00f3mica y Social (ILPES) de la Comisi\u00f3n Econ\u00f3mica para Am\u00e9rica Latina [&hellip;]<\/p>\n","protected":false},"author":2,"featured_media":19869,"comment_status":"closed","ping_status":"open","sticky":false,"template":"","format":"standard","meta":[],"categories":[93,146,2],"tags":[1027,9570],"wppr_data":{"cwp_meta_box_check":"No"},"_links":{"self":[{"href":"https:\/\/www.notaoficial.com\/s\/wp-json\/wp\/v2\/posts\/19868"}],"collection":[{"href":"https:\/\/www.notaoficial.com\/s\/wp-json\/wp\/v2\/posts"}],"about":[{"href":"https:\/\/www.notaoficial.com\/s\/wp-json\/wp\/v2\/types\/post"}],"author":[{"embeddable":true,"href":"https:\/\/www.notaoficial.com\/s\/wp-json\/wp\/v2\/users\/2"}],"replies":[{"embeddable":true,"href":"https:\/\/www.notaoficial.com\/s\/wp-json\/wp\/v2\/comments?post=19868"}],"version-history":[{"count":1,"href":"https:\/\/www.notaoficial.com\/s\/wp-json\/wp\/v2\/posts\/19868\/revisions"}],"predecessor-version":[{"id":19870,"href":"https:\/\/www.notaoficial.com\/s\/wp-json\/wp\/v2\/posts\/19868\/revisions\/19870"}],"wp:featuredmedia":[{"embeddable":true,"href":"https:\/\/www.notaoficial.com\/s\/wp-json\/wp\/v2\/media\/19869"}],"wp:attachment":[{"href":"https:\/\/www.notaoficial.com\/s\/wp-json\/wp\/v2\/media?parent=19868"}],"wp:term":[{"taxonomy":"category","embeddable":true,"href":"https:\/\/www.notaoficial.com\/s\/wp-json\/wp\/v2\/categories?post=19868"},{"taxonomy":"post_tag","embeddable":true,"href":"https:\/\/www.notaoficial.com\/s\/wp-json\/wp\/v2\/tags?post=19868"}],"curies":[{"name":"wp","href":"https:\/\/api.w.org\/{rel}","templated":true}]}}