{"id":19901,"date":"2023-11-11T23:47:32","date_gmt":"2023-11-12T03:47:32","guid":{"rendered":"https:\/\/www.notaoficial.com\/s\/?p=19901"},"modified":"2023-11-11T23:47:32","modified_gmt":"2023-11-12T03:47:32","slug":"lorena-garcia-lanza-como-me-amo-me-lastimo","status":"publish","type":"post","link":"https:\/\/www.notaoficial.com\/s\/2023\/11\/11\/lorena-garcia-lanza-como-me-amo-me-lastimo\/","title":{"rendered":"Lorena Garc\u00eda lanza \u201cComo me amo, me lastimo\u201d"},"content":{"rendered":"<div dir=\"auto\">Lorena Garc\u00eda lanza \u201cComo me amo, me lastimo\u201d, un libro que recorre el mundo<\/div>\n<div dir=\"auto\"><\/div>\n<div dir=\"auto\">La pandemia caus\u00f3 estragos en el mundo, algunos se decidieron hundir en la soledad y en la tristeza, otros como la venezolana Lorena Garc\u00eda aprovecharon el tiempo libre para resurgir.<\/div>\n<div dir=\"auto\"><\/div>\n<div dir=\"auto\">Sumergida en el silencio, Garc\u00eda, quien se encuentra residenciada en Estados Unidos, decidi\u00f3 escribir \u201cComo me amo, me lastimo\u201d, sin tener idea que a\u00f1os despu\u00e9s se convertir\u00eda en su obra de arte regada por el mundo.<\/div>\n<div dir=\"auto\"><\/div>\n<div dir=\"auto\">\u201cComo me amo, me lastimo\u201d es un libro escrito por la psic\u00f3loga cl\u00ednico Lorena Garc\u00eda y que tiene como objetivo incentivar el amor propio.<\/div>\n<div dir=\"auto\"><\/div>\n<div dir=\"auto\">La obra ha llegado a pa\u00edses como Estados Unidos, M\u00e9xico, Portugal, Panam\u00e1 y Espa\u00f1a en formato digital e impreso a trav\u00e9s de Amazon Kindle.<\/div>\n<div dir=\"auto\"><\/div>\n<div dir=\"auto\">\u201cLa pandemia por Covid-19 me llev\u00f3 a conectarme con la naturaleza y a su vez entender cu\u00e1n importante es para nuestras vidas. En ese momento viv\u00ed como nunca antes mi parte espiritual y empec\u00e9 a ver la vida y a entender que cada momento que viv\u00ed era parte de esa experiencia para evolucionar como seres de este universo\u201d, coment\u00f3 Garc\u00eda.<\/div>\n<div dir=\"auto\"><\/div>\n<div dir=\"auto\">\u201c\u2019Como me amo, me lastimo\u2019 habla sobre la importancia del amor propio y c\u00f3mo amar la manera en la que fuimos creados\u201d, agreg\u00f3 la famosa escritora caraque\u00f1a.<\/div>\n<div dir=\"auto\"><\/div>\n<div dir=\"auto\">Pero la creatividad de Lorena Garc\u00eda se fue m\u00e1s all\u00e1 de un libro. Partiendo de su visi\u00f3n clara y convencida del prop\u00f3sito que tiene en la vida, cre\u00f3 la marca de productos capilares \u201cOlas Hair Care\u201d, una opci\u00f3n natural que verdaderamente ayuda con el cuidado del cabello.<\/div>\n<div dir=\"auto\"><\/div>\n<div dir=\"auto\">\u201cY si se preguntan qu\u00e9 tiene que ver el cabello en todo esto, pues que en los seis a\u00f1os que tengo viviendo en Miami, esa ha sido mi otra profesi\u00f3n y mi pasi\u00f3n: ayudar a las mujeres a que se sientan seguras y ofreci\u00e9ndoles una opci\u00f3n de belleza natural y saludable,\u00a0 libre de ingredientes t\u00f3xicos, de crueldad animal. Creando conciencia de la verdadera belleza sin exponer nuestra salud e incentivando el amor por los seres vivos con esta marca compleramente vegana\u201d, coment\u00f3 Garc\u00eda.<\/div>\n<div dir=\"auto\"><\/div>\n<div dir=\"auto\">Para conocer m\u00e1s sobre esta famosa escritora venezolana, puedes seguirla en su cuenta de Instagram como: @hairbyloregarcia<\/div>\n","protected":false},"excerpt":{"rendered":"<p>Lorena Garc\u00eda lanza \u201cComo me amo, me lastimo\u201d, un libro que recorre el mundo La pandemia caus\u00f3 estragos en el mundo, algunos se decidieron hundir en la soledad y en la tristeza, otros como la venezolana Lorena Garc\u00eda aprovecharon el tiempo libre para resurgir. Sumergida en el silencio, Garc\u00eda, quien se encuentra residenciada en Estados [&hellip;]<\/p>\n","protected":false},"author":2,"featured_media":19902,"comment_status":"closed","ping_status":"open","sticky":false,"template":"","format":"standard","meta":[],"categories":[93,146,2],"tags":[1371,9394],"wppr_data":{"cwp_meta_box_check":"No"},"_links":{"self":[{"href":"https:\/\/www.notaoficial.com\/s\/wp-json\/wp\/v2\/posts\/19901"}],"collection":[{"href":"https:\/\/www.notaoficial.com\/s\/wp-json\/wp\/v2\/posts"}],"about":[{"href":"https:\/\/www.notaoficial.com\/s\/wp-json\/wp\/v2\/types\/post"}],"author":[{"embeddable":true,"href":"https:\/\/www.notaoficial.com\/s\/wp-json\/wp\/v2\/users\/2"}],"replies":[{"embeddable":true,"href":"https:\/\/www.notaoficial.com\/s\/wp-json\/wp\/v2\/comments?post=19901"}],"version-history":[{"count":1,"href":"https:\/\/www.notaoficial.com\/s\/wp-json\/wp\/v2\/posts\/19901\/revisions"}],"predecessor-version":[{"id":19903,"href":"https:\/\/www.notaoficial.com\/s\/wp-json\/wp\/v2\/posts\/19901\/revisions\/19903"}],"wp:featuredmedia":[{"embeddable":true,"href":"https:\/\/www.notaoficial.com\/s\/wp-json\/wp\/v2\/media\/19902"}],"wp:attachment":[{"href":"https:\/\/www.notaoficial.com\/s\/wp-json\/wp\/v2\/media?parent=19901"}],"wp:term":[{"taxonomy":"category","embeddable":true,"href":"https:\/\/www.notaoficial.com\/s\/wp-json\/wp\/v2\/categories?post=19901"},{"taxonomy":"post_tag","embeddable":true,"href":"https:\/\/www.notaoficial.com\/s\/wp-json\/wp\/v2\/tags?post=19901"}],"curies":[{"name":"wp","href":"https:\/\/api.w.org\/{rel}","templated":true}]}}