{"id":19964,"date":"2023-11-15T00:03:13","date_gmt":"2023-11-15T04:03:13","guid":{"rendered":"https:\/\/www.notaoficial.com\/s\/?p=19964"},"modified":"2023-11-15T00:03:13","modified_gmt":"2023-11-15T04:03:13","slug":"america-latina-y-el-caribe-reafirma-su-compromiso-con-la-implementacion-del-consenso-de-montevideo","status":"publish","type":"post","link":"https:\/\/www.notaoficial.com\/s\/2023\/11\/15\/america-latina-y-el-caribe-reafirma-su-compromiso-con-la-implementacion-del-consenso-de-montevideo\/","title":{"rendered":"Am\u00e9rica Latina y el Caribe reafirma su compromiso con la implementaci\u00f3n del Consenso de Montevideo"},"content":{"rendered":"<p>Los pa\u00edses de Am\u00e9rica Latina y el Caribe reafirmaron hoy su compromiso con la implementaci\u00f3n del <strong><a href=\"https:\/\/www.cepal.org\/es\/publicaciones\/21835-consenso-montevideo-poblacion-desarrollo\" data-saferedirecturl=\"https:\/\/www.google.com\/url?q=https:\/\/www.cepal.org\/es\/publicaciones\/21835-consenso-montevideo-poblacion-desarrollo&amp;source=gmail&amp;ust=1700105788539000&amp;usg=AOvVaw2vNdBIv5LqlTIJW0nnHYJx\">Consenso de Montevideo sobre Poblaci\u00f3n y Desarrollo<\/a><\/strong>, el acuerdo intergubernamental m\u00e1s importante de la regi\u00f3n en la materia y hoja de ruta integral que constituye uno de los instrumentos m\u00e1s avanzados del mundo para la promoci\u00f3n de los derechos de la poblaci\u00f3n en un marco de desarrollo sostenible, durante la conmemoraci\u00f3n del d\u00e9cimo aniversario desde su adopci\u00f3n.<\/p>\n<p>En la <strong>sesi\u00f3n extraordinaria \u201c10 a\u00f1os del Consenso de Montevideo sobre Poblaci\u00f3n y Desarrollo\u201d<\/strong>, que se realiz\u00f3 en el marco de la <strong><em><a href=\"https:\/\/crpd.cepal.org\/5m\/es\" data-saferedirecturl=\"https:\/\/www.google.com\/url?q=https:\/\/crpd.cepal.org\/5m\/es&amp;source=gmail&amp;ust=1700105788539000&amp;usg=AOvVaw36fus43JXpSAATxW4R_Mup\">Quinta Reuni\u00f3n de la Mesa Directiva de la Conferencia Regional sobre Poblaci\u00f3n y Desarrollo<\/a><\/em><\/strong>, que se celebra hasta el mi\u00e9rcoles 15 de noviembre en la sede principal de la Comisi\u00f3n Econ\u00f3mica para Am\u00e9rica Latina y el Caribe (CEPAL), en Santiago de Chile, los pa\u00edses coincidieron en la necesidad de concentrar los esfuerzos para continuar y profundizar el camino recorrido, as\u00ed como potenciar las fortalezas que han hecho del Consenso de Montevideo un instrumento tan potente en el transcurso de esta d\u00e9cada.<\/p>\n<p>El encuentro fue inaugurado por Jose\u00ec Manuel Salazar-Xirinachs, Secretario Ejecutivo de la CEPAL; Susana Sottoli, Directora Regional para Ame\u00ecrica Latina y el Caribe del Fondo de Poblacio\u00ecn de las Naciones Unidas (UNFPA); Sergio Cusicanqui, Ministro de Planificacio\u00ecn del Desarrollo del Estado Plurinacional de Bolivia, en su calidad de Presidente de la Mesa Directiva de la Conferencia Regional sobre Poblacio\u00ecn y Desarrollo de Ame\u00ecrica Latina y el Caribe, y Noemi Espinoza, Embajadora y Representante Permanente Alterna de Honduras ante las Naciones Unidas, en su calidad de Presidenta de la Comisio\u00ecn de Poblacio\u00ecn y Desarrollo (por video).<\/p>\n<p>\u201cUna d\u00e9cada despu\u00e9s de su adopci\u00f3n, podemos afirmar con toda convicci\u00f3n y evidencia que el Consenso de Montevideo ha ayudado a impulsar y consolidar en los pa\u00edses de la regi\u00f3n pol\u00edticas p\u00fablicas orientadas a reducir la desigualdad con enfoque de derechos humanos y perspectiva de g\u00e9nero, intercultural, interseccional e intergeneracional\u201d, afirm\u00f3 Jose\u00ec Manuel Salazar-Xirinachs, Secretario Ejecutivo de la CEPAL.<\/p>\n<p>Sin embargo, advirti\u00f3, queda mucho por hacer, y son necesarios mayores esfuerzos para garantizar el ejercicio de los derechos sexuales y reproductivos, lograr la igualdad de g\u00e9nero, as\u00ed como combatir la pobreza y la desigualdad, e incluir a los grupos de poblaci\u00f3n que han estado hist\u00f3ricamente m\u00e1s postergados y excluidos en los patrones de desarrollo.<\/p>\n<p>En ese contexto, el m\u00e1ximo representante de la CEPAL subray\u00f3 que desde la CEPAL \u201cseguimos trabajando en transformar los modelos de desarrollo en modelos m\u00e1s productivos, inclusivos y sostenibles\u201d, e insisti\u00f3 en la necesidad de hacer apuestas en sectores que no solo dinamicen el crecimiento, sino que lo hagan m\u00e1s inclusivo y sostenible, permitiendo reducir la pobreza, la informalidad y la desigualdad.<\/p>\n<p>\u201cSi bien todav\u00eda queda mucho por avanzar, es necesario reconocer y valorar lo que hemos logrado forjar hasta el presente en el camino recorrido. El Consenso de Montevideo se ha convertido en un instrumento potente en el transcurso de esta d\u00e9cada. Participaci\u00f3n, diversidad y di\u00e1logo, son activos valios\u00edsimos de este recorrido, que debemos acrecentar para contribuir a la construcci\u00f3n de sociedades m\u00e1s democr\u00e1ticas, m\u00e1s inclusivas y m\u00e1s justas\u201d, afirm\u00f3 Jos\u00e9 Manuel Salazar-Xirinachs.<\/p>\n<p>Susana Sottoli, Directora Regional del Fondo de Poblaci\u00f3n de las Naciones Unidas para Am\u00e9rica Latina y el Caribe, por su parte, subray\u00f3 que, \u201cen un contexto de m\u00faltiples crisis que est\u00e1n poniendo en riesgo d\u00e9cadas de avances, el Consenso de Montevideo es la hoja de ruta que nos gu\u00eda para garantizar el bienestar y la equidad en nuestros pa\u00edses\u201d.<\/p>\n<p>Sottoli agreg\u00f3 que el Consenso reafirma que los derechos de todas las personas deben estar en el centro del desarrollo, tal como reconoci\u00f3 en 1994 el Programa de Acci\u00f3n de la Conferencia Internacional sobre la Poblaci\u00f3n y el Desarrollo.<\/p>\n<p>\u201cDebemos trabajar juntos con urgencia para aprovechar cada oportunidad de avanzar hacia un mundo m\u00e1s inclusivo, equitativo y justo. Eso solo ser\u00e1 posible cuando garanticemos que las mujeres, ni\u00f1as, adolescentes y j\u00f3venes ejerzan plenamente sus derechos, incluidos los sexuales y reproductivos\u201d, puntualiz\u00f3.<\/p>\n<p>Sergio Cusicanqui, Ministro de Planificacio\u00ecn del Desarrollo del Estado Plurinacional de Bolivia, enfatiz\u00f3 que, para poder encarar y afrontar la desigualdad que aqueja a la regi\u00f3n, se requerir\u00e1 de pol\u00edticas sostenidas en el tiempo.<\/p>\n<p>\u201cA la vez, ser\u00e1 indispensable profundizar el enfoque de derechos interseccional e intercultural en nuestras pol\u00edticas p\u00fablicas de modo tal que nos permitan extender los avances y evitar estancamientos o retrocesos en la implementaci\u00f3n del Consenso de Montevideo\u201d, a\u00f1adi\u00f3.<\/p>\n<p>A trav\u00e9s de un mensaje en video, Noemi Espinoza, Embajadora y Representante Permanente Alterna de Honduras ante las Naciones Unidas, subray\u00f3 que no hay futuro posible para el planeta sin que las personas tengan las condiciones adecuadas para ejercer plenamente sus derechos.<\/p>\n<p>\u201cEstamos ante grandes desaf\u00edos, por lo que solo nos queda trabajar en alianza, de forma estrat\u00e9gica, entre sectores y entre generaciones\u201d, afirm\u00f3.<\/p>\n<p>En el marco de la sesi\u00f3n extraordinaria, se realiz\u00f3 la mesa redonda de alto nivel titulada \u201cRetos para profundizar la implementaci\u00f3n del Consenso de Montevideo sobre Poblaci\u00f3n y Desarrollo en Am\u00e9rica Latina y el Caribe a 10 a\u00f1os de su aprobaci\u00f3n\u201d, en la que participaron actores gubernamentales, de la sociedad civil y de organismos internacionales que tienen un rol clave en el proceso de consolidaci\u00f3n institucional del Consenso de Montevideo y de la Conferencia Regional sobre Poblaci\u00f3n y Desarrollo.<\/p>\n<p>Posteriormente, se dio inicio a la Quinta Reuni\u00f3n de la Mesa Directiva de la Conferencia Regional sobre Poblaci\u00f3n y Desarrollo, en la que se present\u00f3 el documento titulado <strong><em><a href=\"https:\/\/crpd.cepal.org\/5m\/es\/documentos\/propuesta-segundo-informe-regional-la-implementacion-consenso-montevideo-poblacion\" data-saferedirecturl=\"https:\/\/www.google.com\/url?q=https:\/\/crpd.cepal.org\/5m\/es\/documentos\/propuesta-segundo-informe-regional-la-implementacion-consenso-montevideo-poblacion&amp;source=gmail&amp;ust=1700105788539000&amp;usg=AOvVaw3ZCGtiYxWd730fCgRT0tZ7\">Poblaci\u00f3n, desarrollo y derechos en Am\u00e9rica Latina y el Caribe: propuesta de segundo informe regional sobre la implementaci\u00f3n del Consenso de Montevideo sobre Poblaci\u00f3n y Desarrollo<\/a><\/em><\/strong>, elaborado por la CEPAL con el apoyo del UNFPA.<\/p>\n<p>Durante el encuentro, los Gobiernos presentar\u00e1n los informes nacionales voluntarios sobre la implementaci\u00f3n del Consenso de Montevideo y la secretar\u00eda t\u00e9cnica, a cargo de la CEPAL, informar\u00e1 sobre los avances en el desarrollo de la plataforma virtual para contribuir al seguimiento regional del Consenso de Montevideo.<\/p>\n<p>La reuni\u00f3n contar\u00e1 tambi\u00e9n con dos paneles tem\u00e1ticos en los que expositores gubernamentales, de la sociedad civil y del sector acad\u00e9mico analizar\u00e1n los avances y desaf\u00edos en materia de pol\u00edticas p\u00fablicas en poblaci\u00f3n y desarrollo, y en materia de igualdad de g\u00e9nero, y salud y derechos sexuales y reproductivos.<\/p>\n","protected":false},"excerpt":{"rendered":"<p>Los pa\u00edses de Am\u00e9rica Latina y el Caribe reafirmaron hoy su compromiso con la implementaci\u00f3n del Consenso de Montevideo sobre Poblaci\u00f3n y Desarrollo, el acuerdo intergubernamental m\u00e1s importante de la regi\u00f3n en la materia y hoja de ruta integral que constituye uno de los instrumentos m\u00e1s avanzados del mundo para la promoci\u00f3n de los derechos [&hellip;]<\/p>\n","protected":false},"author":2,"featured_media":19965,"comment_status":"closed","ping_status":"open","sticky":false,"template":"","format":"standard","meta":[],"categories":[93,463,146],"tags":[1027,1906],"wppr_data":{"cwp_meta_box_check":"No"},"_links":{"self":[{"href":"https:\/\/www.notaoficial.com\/s\/wp-json\/wp\/v2\/posts\/19964"}],"collection":[{"href":"https:\/\/www.notaoficial.com\/s\/wp-json\/wp\/v2\/posts"}],"about":[{"href":"https:\/\/www.notaoficial.com\/s\/wp-json\/wp\/v2\/types\/post"}],"author":[{"embeddable":true,"href":"https:\/\/www.notaoficial.com\/s\/wp-json\/wp\/v2\/users\/2"}],"replies":[{"embeddable":true,"href":"https:\/\/www.notaoficial.com\/s\/wp-json\/wp\/v2\/comments?post=19964"}],"version-history":[{"count":1,"href":"https:\/\/www.notaoficial.com\/s\/wp-json\/wp\/v2\/posts\/19964\/revisions"}],"predecessor-version":[{"id":19966,"href":"https:\/\/www.notaoficial.com\/s\/wp-json\/wp\/v2\/posts\/19964\/revisions\/19966"}],"wp:featuredmedia":[{"embeddable":true,"href":"https:\/\/www.notaoficial.com\/s\/wp-json\/wp\/v2\/media\/19965"}],"wp:attachment":[{"href":"https:\/\/www.notaoficial.com\/s\/wp-json\/wp\/v2\/media?parent=19964"}],"wp:term":[{"taxonomy":"category","embeddable":true,"href":"https:\/\/www.notaoficial.com\/s\/wp-json\/wp\/v2\/categories?post=19964"},{"taxonomy":"post_tag","embeddable":true,"href":"https:\/\/www.notaoficial.com\/s\/wp-json\/wp\/v2\/tags?post=19964"}],"curies":[{"name":"wp","href":"https:\/\/api.w.org\/{rel}","templated":true}]}}