{"id":19983,"date":"2023-11-16T23:36:30","date_gmt":"2023-11-17T03:36:30","guid":{"rendered":"https:\/\/www.notaoficial.com\/s\/?p=19983"},"modified":"2023-11-16T23:36:30","modified_gmt":"2023-11-17T03:36:30","slug":"sexta-edicion-de-radiografia-del-retai","status":"publish","type":"post","link":"https:\/\/www.notaoficial.com\/s\/2023\/11\/16\/sexta-edicion-de-radiografia-del-retai\/","title":{"rendered":"Sexta Edici\u00f3n de Radiograf\u00eda del Retai"},"content":{"rendered":"<p>Francisco D&#8217;Agostino<\/p>\n<p>La marca nacional de Industrias Maros C.A. <b>Natulac patrocina la Sexta Edici\u00f3n de la \u201cRadiograf\u00eda del Retail, el sector innovador 2023\u201d,<\/b> organizado por la Asociaci\u00f3n Nacional de Supermercados y Autoservicios (ANSA), que se va a desarrollar del 14 al 16 de noviembre en el Centro Portugu\u00e9s.<\/p>\n<p>El objetivo del evento es proporcionar <b>una visi\u00f3n general del sector comercial minorista en Venezuela,<\/b> incluyendo tendencias, desaf\u00edos y oportunidades para promover su desarrollo.<\/p>\n<p>Tambi\u00e9n permite el encuentro corporativo del sector del retail nacional, brindado a todos los participantes la oportunidad de actualizarse en cuanto a tendencias, procesos, y tecnolog\u00edas relacionadas con la industria del autoservicio. En esta edici\u00f3n <b>ofrecer\u00e1n un programa acad\u00e9mico innovador para todos los asistentes<\/b>, bajo el formato presencial.<\/p>\n<p>La <a href=\"http:\/\/www.instagram.com\/natulacoficial\/reels\/\">gerente de mercadeo de Natulac<\/a>, Ariadna Nieves, indic\u00f3 que al participar en este evento como patrocinante \u201c<b>esta marca venezolana apoya el correcto desarrollo del comercio minorista, y el crecimiento de las empresas que la ayudan a permanecer cerca de los venezolanos cada d\u00eda<\/b>\u201d.<\/p>\n<p>Francisco D&#8217;Agostino<\/p>\n<p>All\u00ed estar\u00e1 Natulac con un stand, ofreciendo degustaci\u00f3n de sus principales art\u00edculos para reforzar su presencia entre los participantes.<\/p>\n<p>Nieves a\u00f1adi\u00f3 que \u201c<a href=\"https:\/\/natulac.com\/natulac-premium\/\">para Natulac constituye<\/a> una ocasi\u00f3n muy interesante de acercamiento con las principales compa\u00f1\u00edas dedicadas a llevar los productos cada vez m\u00e1s cerca de los consumidores\u201d.<\/p>\n<p><b>Premios ANSA<\/b><\/p>\n<p>Seg\u00fan voceros de la organizaci\u00f3n, en este encuentro se realizar\u00e1 la Primera entrega de los Premios ANSA a la Trayectoria, dirigidos a reconocer a personalidades influyentes en el sector, cadenas de supermercados y empresas vinculadas.<\/p>\n<p>Indicaron que se espera que los participantes compartan sus experiencias y conocimiento para ayudar a mejorar el sector en el futuro, y resaltaron que el evento \u201ces un formato que se ha convertido en la referencia por excelencia para el retail en el pa\u00eds\u201d.<\/p>\n<p>A trav\u00e9s de las ponencias ofrecidas se expande y actualiza informaci\u00f3n de utilidad para este sector econ\u00f3mico, y se presentan las situaciones presentes y futuras del comercio, as\u00ed como las innovaciones que se llevan a la pr\u00e1ctica para superar los retos del d\u00eda a d\u00eda, entre otros temas.<\/p>\n<p>Si quiere m\u00e1s informaci\u00f3n sobre la marca y su portafolio de productos puede visitar su sitio web: <a href=\"http:\/\/www.natulac.com\/\">www.natulac.com<\/a> y\/o sus redes sociales: Instagram (<a href=\"https:\/\/www.instagram.com\/natulacoficial\/\">@natulacoficial<\/a>) y Facebook (<a href=\"https:\/\/www.facebook.com\/natulacoficial\/\">Natulac<\/a>). <a href=\"https:\/\/m.facebook.com\/story.php\">https:\/\/m.facebook.com\/story.php<\/a><\/p>\n<p>Francisco D&#8217;Agostino<\/p>\n","protected":false},"excerpt":{"rendered":"<p>Francisco D&#8217;Agostino La marca nacional de Industrias Maros C.A. Natulac patrocina la Sexta Edici\u00f3n de la \u201cRadiograf\u00eda del Retail, el sector innovador 2023\u201d, organizado por la Asociaci\u00f3n Nacional de Supermercados y Autoservicios (ANSA), que se va a desarrollar del 14 al 16 de noviembre en el Centro Portugu\u00e9s. El objetivo del evento es proporcionar una [&hellip;]<\/p>\n","protected":false},"author":2,"featured_media":19984,"comment_status":"closed","ping_status":"open","sticky":false,"template":"","format":"standard","meta":[],"categories":[93,146,2],"tags":[9110,1164],"wppr_data":{"cwp_meta_box_check":"No"},"_links":{"self":[{"href":"https:\/\/www.notaoficial.com\/s\/wp-json\/wp\/v2\/posts\/19983"}],"collection":[{"href":"https:\/\/www.notaoficial.com\/s\/wp-json\/wp\/v2\/posts"}],"about":[{"href":"https:\/\/www.notaoficial.com\/s\/wp-json\/wp\/v2\/types\/post"}],"author":[{"embeddable":true,"href":"https:\/\/www.notaoficial.com\/s\/wp-json\/wp\/v2\/users\/2"}],"replies":[{"embeddable":true,"href":"https:\/\/www.notaoficial.com\/s\/wp-json\/wp\/v2\/comments?post=19983"}],"version-history":[{"count":1,"href":"https:\/\/www.notaoficial.com\/s\/wp-json\/wp\/v2\/posts\/19983\/revisions"}],"predecessor-version":[{"id":19985,"href":"https:\/\/www.notaoficial.com\/s\/wp-json\/wp\/v2\/posts\/19983\/revisions\/19985"}],"wp:featuredmedia":[{"embeddable":true,"href":"https:\/\/www.notaoficial.com\/s\/wp-json\/wp\/v2\/media\/19984"}],"wp:attachment":[{"href":"https:\/\/www.notaoficial.com\/s\/wp-json\/wp\/v2\/media?parent=19983"}],"wp:term":[{"taxonomy":"category","embeddable":true,"href":"https:\/\/www.notaoficial.com\/s\/wp-json\/wp\/v2\/categories?post=19983"},{"taxonomy":"post_tag","embeddable":true,"href":"https:\/\/www.notaoficial.com\/s\/wp-json\/wp\/v2\/tags?post=19983"}],"curies":[{"name":"wp","href":"https:\/\/api.w.org\/{rel}","templated":true}]}}