{"id":20005,"date":"2023-11-17T23:35:09","date_gmt":"2023-11-18T03:35:09","guid":{"rendered":"https:\/\/www.notaoficial.com\/s\/?p=20005"},"modified":"2023-11-17T23:35:09","modified_gmt":"2023-11-18T03:35:09","slug":"nueva-presentacion-del-te-negro-natulac-de-limon-y-durazno","status":"publish","type":"post","link":"https:\/\/www.notaoficial.com\/s\/2023\/11\/17\/nueva-presentacion-del-te-negro-natulac-de-limon-y-durazno\/","title":{"rendered":"Nueva presentaci\u00f3n del T\u00e9 Negro Natulac de Lim\u00f3n y Durazno"},"content":{"rendered":"<p>Natulac lanza su nueva presentaci\u00f3n Tetra Pak de un litro de T\u00e9 Negro, en sabores a Lim\u00f3n y a Durazno, el mejor acompa\u00f1ante para refrescar tus d\u00edas, y disfrutar en familia y con los amigos de deliciosos productos bajos en calor\u00edas.<\/p>\n<p>La gerente de Mercadeo de <a href=\"https:\/\/natulac.com\/\">Industrias Maros, C.A<\/a>., Ariadna Nieves, destac\u00f3 que estos productos de la marca Natulac,<b> \u201ccontienen vitamina C y se elaboran con extracto de t\u00e9 negro y <\/b>aromas id\u00e9nticos al natural aprobados por la autoridad sanitaria correspondiente, en dos sabores preferidos en Venezuela: Lim\u00f3n y Durazno\u201d.<\/p>\n<p>A\u00f1adi\u00f3 que son bebidas que no contienen conservantes ni colorantes, \u201c<b>con vitaminas, antioxidantes y naturalmente refrescantes\u201d.<\/b><\/p>\n<p>Detall\u00f3 que ambos productos est\u00e1n envasados en <a href=\"https:\/\/www.instagram.com\/natulacoficial\/\">Tetra Pak de 1 litro<\/a><b>, y tambi\u00e9n en PET<\/b> tama\u00f1o individual de 500 cm3, o para toda la familia, en tama\u00f1o de 1,5 litros\u201d.<\/p>\n<p>Estas presentaciones <b>ya se est\u00e1n distribuyendo a todo el pa\u00eds<\/b> y se pueden encontrar en todas las cadenas comerciales.<\/p>\n<p>Industrias Maros C.A, es una empresa privada de capital 100% venezolano que centra su actividad productiva en la transformaci\u00f3n de insumos de origen vegetal y animal, para la obtenci\u00f3n de alimentos de consumo humano, los cuales comercializa bajo su marca propia Natulac.<\/p>\n<p>Si quiere m\u00e1s informaci\u00f3n sobre la marca y su portafolio de productos puede visitar su sitio web: <a href=\"http:\/\/www.natulac.com\/\">www.natulac.com<\/a> y\/o sus redes sociales: Instagram (<a href=\"https:\/\/www.instagram.com\/natulacoficial\/\">@natulacoficial<\/a>) y Facebook (<a href=\"https:\/\/www.facebook.com\/natulacoficial\/\">Natulac<\/a>). <a href=\"https:\/\/m.facebook.com\/story.php\">https:\/\/m.facebook.com\/story.php<\/a><\/p>\n","protected":false},"excerpt":{"rendered":"<p>Natulac lanza su nueva presentaci\u00f3n Tetra Pak de un litro de T\u00e9 Negro, en sabores a Lim\u00f3n y a Durazno, el mejor acompa\u00f1ante para refrescar tus d\u00edas, y disfrutar en familia y con los amigos de deliciosos productos bajos en calor\u00edas. La gerente de Mercadeo de Industrias Maros, C.A., Ariadna Nieves, destac\u00f3 que estos productos [&hellip;]<\/p>\n","protected":false},"author":2,"featured_media":0,"comment_status":"closed","ping_status":"open","sticky":false,"template":"","format":"standard","meta":[],"categories":[93,146,2],"tags":[1164,847],"wppr_data":{"cwp_meta_box_check":"No"},"_links":{"self":[{"href":"https:\/\/www.notaoficial.com\/s\/wp-json\/wp\/v2\/posts\/20005"}],"collection":[{"href":"https:\/\/www.notaoficial.com\/s\/wp-json\/wp\/v2\/posts"}],"about":[{"href":"https:\/\/www.notaoficial.com\/s\/wp-json\/wp\/v2\/types\/post"}],"author":[{"embeddable":true,"href":"https:\/\/www.notaoficial.com\/s\/wp-json\/wp\/v2\/users\/2"}],"replies":[{"embeddable":true,"href":"https:\/\/www.notaoficial.com\/s\/wp-json\/wp\/v2\/comments?post=20005"}],"version-history":[{"count":1,"href":"https:\/\/www.notaoficial.com\/s\/wp-json\/wp\/v2\/posts\/20005\/revisions"}],"predecessor-version":[{"id":20006,"href":"https:\/\/www.notaoficial.com\/s\/wp-json\/wp\/v2\/posts\/20005\/revisions\/20006"}],"wp:attachment":[{"href":"https:\/\/www.notaoficial.com\/s\/wp-json\/wp\/v2\/media?parent=20005"}],"wp:term":[{"taxonomy":"category","embeddable":true,"href":"https:\/\/www.notaoficial.com\/s\/wp-json\/wp\/v2\/categories?post=20005"},{"taxonomy":"post_tag","embeddable":true,"href":"https:\/\/www.notaoficial.com\/s\/wp-json\/wp\/v2\/tags?post=20005"}],"curies":[{"name":"wp","href":"https:\/\/api.w.org\/{rel}","templated":true}]}}