{"id":20142,"date":"2023-11-25T23:25:11","date_gmt":"2023-11-26T03:25:11","guid":{"rendered":"https:\/\/www.notaoficial.com\/s\/?p=20142"},"modified":"2023-11-25T23:25:11","modified_gmt":"2023-11-26T03:25:11","slug":"el-archivoabierto-de-la-galeria-abra-este-ano-lo-dedican-al-museo-vial-renovable","status":"publish","type":"post","link":"https:\/\/www.notaoficial.com\/s\/2023\/11\/25\/el-archivoabierto-de-la-galeria-abra-este-ano-lo-dedican-al-museo-vial-renovable\/","title":{"rendered":"El ArchivoAbierto de la galer\u00eda ABRA este a\u00f1o lo dedican  al Museo Vial Renovable"},"content":{"rendered":"<p>La galer\u00eda ABRA dedicar\u00e1 este a\u00f1o su proyecto expositivo ArchivoAbierto al Museo Vial Renovable \u201cRafael Bogar\u00edn\u201d, con los registros que se presentar\u00e1n de manera online a trav\u00e9s de las redes sociales y la p\u00e1gina web de la galer\u00eda, del 1 al 24 de diciembre de 2023, con material recolectado de los archivos y testimonios de Cesar Sasson y Rafael Bogar\u00edn.<\/p>\n<p>El Museo Vial Renovable se realiz\u00f3 en el a\u00f1o 1982 y consisti\u00f3 en la instalaci\u00f3n de una serie de vallas, pintadas por distintos artistas internacionales, a lo largo de la carretera que comunica a El Tigre con Ciudad Bol\u00edvar (estados Anzo\u00e1tegui y Bol\u00edvar, Venezuela). La idea naci\u00f3 de la fijaci\u00f3n del artista Bogar\u00edn con la v\u00eda que conectaba su pueblo natal con la ciudad; carretera que significaba, como explica Juan Carlos Palenzuela en el cat\u00e1logo del museo (1982): \u201c[\u2026] el nexo con otras ciudades, la entrada de mercanc\u00edas y noticias, un extenso pasillo que conduc\u00eda a Venezuela\u201d.<\/p>\n<p>La participaci\u00f3n art\u00edstica cont\u00f3 con obras de los creadores venezolanos Rafael Bogar\u00edn, Carlos Cruz-Diez, Roberto Gonz\u00e1lez, Luis Guevara Moreno, Carlos Hern\u00e1ndez Guerra, Pedro Le\u00f3n Zapata, Alirio Palacios, Margot R\u00f6mer y Edgar S\u00e1nchez; as\u00ed como tambi\u00e9n de Rodolfo Abularach (Guatemala), Antonio Amaral (Brasil), Jos\u00e9 Campos Biscardi, Edgar Correal y Omar Rayo (Colombia); Ronald Christensen, Jos\u00e9 Antonio D\u00e1vila, Paul Davis y Charles A. Nitti (Estados Unidos); Nassos Daphnis (Grecia); Rafa Fern\u00e1ndez (Costa Rica); Susy Iglicki (Austria); Benjamin Levy (Israel); Jacob Meyerowitz (Inglaterra); Mar\u00eda Luisa Pacheco (Bolivia); Mario Toral (Chile); y Tabo Toral (Panam\u00e1).<\/p>\n<p>ArchivoAbierto es una iniciativa que tiene como prop\u00f3sito impulsar el resguardo, la valoraci\u00f3n y el estudio de archivos de arte contempor\u00e1neo venezolano. Hasta la fecha se han realizado seis ediciones del proyecto: <em>Carlos Zerpa<\/em> (2016), <em>Pedro Ter\u00e1n<\/em> (2017), <em>Desinencia-a<\/em> (2018), <em>Maruja Rolando<\/em> (2019 \u2013 2020), <em>Luis Villamizar<\/em> (2021) y <em>Revista Entendido <\/em>(2022 \u2013 2023).<\/p>\n<p>La muestra de ArchivoAbierto dedicada al Museo Vial Renovable \u201cRafael Bogar\u00edn\u201d, podr\u00e1 ser apreciada de manera online del 1 al 24 de diciembre de 2023, a trav\u00e9s de las redes sociales y la p\u00e1gina web de la galer\u00eda ABRA.<\/p>\n<p><a href=\"https:\/\/www.abracaracas.com\/\" data-saferedirecturl=\"https:\/\/www.google.com\/url?q=https:\/\/www.abracaracas.com\/&amp;source=gmail&amp;ust=1701054798019000&amp;usg=AOvVaw2mYyEKI-KyXA6tatlFIFl1\">https:\/\/www.abracaracas.com\/<\/a><\/p>\n<p>@abracaracas<\/p>\n","protected":false},"excerpt":{"rendered":"<p>La galer\u00eda ABRA dedicar\u00e1 este a\u00f1o su proyecto expositivo ArchivoAbierto al Museo Vial Renovable \u201cRafael Bogar\u00edn\u201d, con los registros que se presentar\u00e1n de manera online a trav\u00e9s de las redes sociales y la p\u00e1gina web de la galer\u00eda, del 1 al 24 de diciembre de 2023, con material recolectado de los archivos y testimonios de [&hellip;]<\/p>\n","protected":false},"author":2,"featured_media":20143,"comment_status":"closed","ping_status":"open","sticky":false,"template":"","format":"standard","meta":[],"categories":[93,146,2],"tags":[2222,1371],"wppr_data":{"cwp_meta_box_check":"No"},"_links":{"self":[{"href":"https:\/\/www.notaoficial.com\/s\/wp-json\/wp\/v2\/posts\/20142"}],"collection":[{"href":"https:\/\/www.notaoficial.com\/s\/wp-json\/wp\/v2\/posts"}],"about":[{"href":"https:\/\/www.notaoficial.com\/s\/wp-json\/wp\/v2\/types\/post"}],"author":[{"embeddable":true,"href":"https:\/\/www.notaoficial.com\/s\/wp-json\/wp\/v2\/users\/2"}],"replies":[{"embeddable":true,"href":"https:\/\/www.notaoficial.com\/s\/wp-json\/wp\/v2\/comments?post=20142"}],"version-history":[{"count":1,"href":"https:\/\/www.notaoficial.com\/s\/wp-json\/wp\/v2\/posts\/20142\/revisions"}],"predecessor-version":[{"id":20144,"href":"https:\/\/www.notaoficial.com\/s\/wp-json\/wp\/v2\/posts\/20142\/revisions\/20144"}],"wp:featuredmedia":[{"embeddable":true,"href":"https:\/\/www.notaoficial.com\/s\/wp-json\/wp\/v2\/media\/20143"}],"wp:attachment":[{"href":"https:\/\/www.notaoficial.com\/s\/wp-json\/wp\/v2\/media?parent=20142"}],"wp:term":[{"taxonomy":"category","embeddable":true,"href":"https:\/\/www.notaoficial.com\/s\/wp-json\/wp\/v2\/categories?post=20142"},{"taxonomy":"post_tag","embeddable":true,"href":"https:\/\/www.notaoficial.com\/s\/wp-json\/wp\/v2\/tags?post=20142"}],"curies":[{"name":"wp","href":"https:\/\/api.w.org\/{rel}","templated":true}]}}