{"id":20209,"date":"2023-11-30T00:03:51","date_gmt":"2023-11-30T04:03:51","guid":{"rendered":"https:\/\/www.notaoficial.com\/s\/?p=20209"},"modified":"2023-11-30T00:03:51","modified_gmt":"2023-11-30T04:03:51","slug":"popi-el-internacional-nos-trae-dale-mama-desde-madrid","status":"publish","type":"post","link":"https:\/\/www.notaoficial.com\/s\/2023\/11\/30\/popi-el-internacional-nos-trae-dale-mama-desde-madrid\/","title":{"rendered":"Popi El Internacional nos trae Dale Mama desde Madrid"},"content":{"rendered":"<div dir=\"auto\" data-smartmail=\"gmail_signature\">Es lo nuevo del artista Nacido en Rep\u00fablica Dominicana en el Barrio de \u00abLos Mina\u00bb en la actualidad se encuentra radicado en Madrid Espa\u00f1a.<\/div>\n<div dir=\"auto\" data-smartmail=\"gmail_signature\"><\/div>\n<div dir=\"auto\" data-smartmail=\"gmail_signature\">Nos trae su tema m\u00e1s reciente llamado \u00abDale Mama\u00bb producido por el colombiano \u00abDj Andry\u201d el audio visual realizado por el dominicano \u00abDlion films\u00bb el tema ha tenido mucha receptividad en Latinoam\u00e9rica y Europa, este artista quien tienes muchos deseos en el tintero de proyectos musicales de grabar con los artistas m\u00e1s influyentes de Rep\u00fablica Dominicana y Puerto Rico como los son Lapiz Conciente, El Alfa, Daddy Yankee, Tego Calderon, entre otros.<\/div>\n<div dir=\"auto\" data-smartmail=\"gmail_signature\"><\/div>\n<div dir=\"auto\" data-smartmail=\"gmail_signature\">El artista Ram\u00f3n Arturo mejor conocido como Popi El Internacional, pertenece al staff de los artistas de <a href=\"http:\/\/lapuracrema.net\" target=\"_blank\" rel=\"noopener noreferrer\" data-saferedirecturl=\"https:\/\/www.google.com\/url?q=http:\/\/lapuracrema.net&amp;source=gmail&amp;ust=1701402893964000&amp;usg=AOvVaw2CnGotamXfcsKbP14ieG2q\">lapuracrema.net<\/a>\u00a0 reconocida Radio Internacional que trabaja en la promoci\u00f3n de artistas de peso y nuevos talentos. Nuestro artista urbano Popi El Internacional ya tiene previsto en este 2024 dar inicio a su gira en Latinoam\u00e9rica y Europa, en donde su nuevo trabajo musical \u201cDale mama\u201d corre como la p\u00f3lvora en diversas radios de Venezuela, Colombia, Argentina, Republica Dominicana, Puerto Rico y M\u00e9xico.<\/div>\n<div dir=\"auto\" data-smartmail=\"gmail_signature\"><\/div>\n<div dir=\"auto\" data-smartmail=\"gmail_signature\">Actualmente Popi El Internacional celebra su internacionalizaci\u00f3n con su nominaci\u00f3n a Los reconocidos Premios \u00abExc\u00e9lsior\u00bb que se celebrar\u00e1n este 5 de diciembre del 2023 en Caracas Venezuela, realizando entrevistas en los medios televisivos y emisoras radiales de se\u00f1al abierta de toda Latinoam\u00e9rica de la mano de Lapuracrema.net, este sencillo promocional\u00a0 como los hechos lo demuestran ya viene subiendo como la espuma por los seguidores de este g\u00e9nero musical que disfrutan de este tan rico tema musical agregado en la play list de Spotify del artista y de m\u00e1s plataformas digitales. Les invitamos a conocer m\u00e1s de nuestro artista, Popi el internacional en sus redes sociales como lo son&#8230;<\/div>\n<div dir=\"auto\" data-smartmail=\"gmail_signature\"><\/div>\n<div dir=\"auto\" data-smartmail=\"gmail_signature\">Instagram: @popielinternacional02,<\/div>\n<div dir=\"auto\" data-smartmail=\"gmail_signature\"><\/div>\n<div dir=\"auto\" data-smartmail=\"gmail_signature\">YouTube: Popi El Internacional,<\/div>\n<div dir=\"auto\" data-smartmail=\"gmail_signature\"><\/div>\n<div dir=\"auto\" data-smartmail=\"gmail_signature\">Spotify: Popi El Internacional,<\/div>\n<div dir=\"auto\" data-smartmail=\"gmail_signature\"><\/div>\n<div dir=\"auto\" data-smartmail=\"gmail_signature\">Facebook: Popi internacional,<\/div>\n<div dir=\"auto\" data-smartmail=\"gmail_signature\"><\/div>\n<div dir=\"auto\" data-smartmail=\"gmail_signature\">Twitter: @popielinternac2,<\/div>\n<div dir=\"auto\" data-smartmail=\"gmail_signature\"><\/div>\n<div dir=\"auto\" data-smartmail=\"gmail_signature\">Le hicimos est\u00e1 pregunta al artista y esto fue lo que nos contesto<\/div>\n<div dir=\"auto\" data-smartmail=\"gmail_signature\"><\/div>\n<div dir=\"auto\" data-smartmail=\"gmail_signature\">\u00bfPorqu\u00e9 consideras importante la presencia de ese sabor Caribe en tu\u00a0 m\u00fasica?<\/div>\n<div dir=\"auto\" data-smartmail=\"gmail_signature\"><\/div>\n<div dir=\"auto\" data-smartmail=\"gmail_signature\">Es nuestro sello nuestra ra\u00edz cultural, es lo que nos representa y siempre\u00a0 es bueno recordar nuestras\u00a0 ra\u00edces y destacar la a trav\u00e9s de nuestra m\u00fasica, por eso que con total orgullo lo ratificamos en este tema\u00a0 \u201cDale Mama\u201d siendo muy afortunados de ser del\u00a0 caribe. Por eso aprovecho este medio para decirles que Viva la Republica Dominicana el Caribe entero y que viva\u00a0 todo aquel que disfruta de la m\u00fasica y lleva la alegr\u00eda en su coraz\u00f3n muchas gracias y muchas bendiciones por su apoyo incondicional los Amo.<\/div>\n","protected":false},"excerpt":{"rendered":"<p>Es lo nuevo del artista Nacido en Rep\u00fablica Dominicana en el Barrio de \u00abLos Mina\u00bb en la actualidad se encuentra radicado en Madrid Espa\u00f1a. Nos trae su tema m\u00e1s reciente llamado \u00abDale Mama\u00bb producido por el colombiano \u00abDj Andry\u201d el audio visual realizado por el dominicano \u00abDlion films\u00bb el tema ha tenido mucha receptividad en [&hellip;]<\/p>\n","protected":false},"author":2,"featured_media":20210,"comment_status":"closed","ping_status":"open","sticky":false,"template":"","format":"standard","meta":[],"categories":[93,146,2],"tags":[1371,381],"wppr_data":{"cwp_meta_box_check":"No"},"_links":{"self":[{"href":"https:\/\/www.notaoficial.com\/s\/wp-json\/wp\/v2\/posts\/20209"}],"collection":[{"href":"https:\/\/www.notaoficial.com\/s\/wp-json\/wp\/v2\/posts"}],"about":[{"href":"https:\/\/www.notaoficial.com\/s\/wp-json\/wp\/v2\/types\/post"}],"author":[{"embeddable":true,"href":"https:\/\/www.notaoficial.com\/s\/wp-json\/wp\/v2\/users\/2"}],"replies":[{"embeddable":true,"href":"https:\/\/www.notaoficial.com\/s\/wp-json\/wp\/v2\/comments?post=20209"}],"version-history":[{"count":1,"href":"https:\/\/www.notaoficial.com\/s\/wp-json\/wp\/v2\/posts\/20209\/revisions"}],"predecessor-version":[{"id":20211,"href":"https:\/\/www.notaoficial.com\/s\/wp-json\/wp\/v2\/posts\/20209\/revisions\/20211"}],"wp:featuredmedia":[{"embeddable":true,"href":"https:\/\/www.notaoficial.com\/s\/wp-json\/wp\/v2\/media\/20210"}],"wp:attachment":[{"href":"https:\/\/www.notaoficial.com\/s\/wp-json\/wp\/v2\/media?parent=20209"}],"wp:term":[{"taxonomy":"category","embeddable":true,"href":"https:\/\/www.notaoficial.com\/s\/wp-json\/wp\/v2\/categories?post=20209"},{"taxonomy":"post_tag","embeddable":true,"href":"https:\/\/www.notaoficial.com\/s\/wp-json\/wp\/v2\/tags?post=20209"}],"curies":[{"name":"wp","href":"https:\/\/api.w.org\/{rel}","templated":true}]}}