{"id":20227,"date":"2023-11-30T23:53:41","date_gmt":"2023-12-01T03:53:41","guid":{"rendered":"https:\/\/www.notaoficial.com\/s\/?p=20227"},"modified":"2023-11-30T23:53:41","modified_gmt":"2023-12-01T03:53:41","slug":"camino-a-belen-un-espectaculo-navideno","status":"publish","type":"post","link":"https:\/\/www.notaoficial.com\/s\/2023\/11\/30\/camino-a-belen-un-espectaculo-navideno\/","title":{"rendered":"\u00abCamino a Bel\u00e9n\u00bb, un espect\u00e1culo navide\u00f1o"},"content":{"rendered":"<p>La Fundaci\u00f3n Camerata de Caracas se une a Inteligensa para llevarlos a trav\u00e9s de <strong>\u00abCamino a Bel\u00e9n<\/strong>\u00ab, un espect\u00e1culo que celebrar\u00e1 la Navidad de una manera extraordinaria. Esta emocionante experiencia se llevar\u00e1 a cabo el s\u00e1bado 9 y domingo 10 de diciembre a las 5:30 pm en la sede de la Camerata de Caracas en la Av. Zuloaga, Los Rosales. La entrada tendr\u00e1 un valor de $15 y $20.<\/p>\n<p>La Camerata de Caracas, en su 45 aniversario, ha sido un pilar fundamental en la preservaci\u00f3n de estas tradiciones en nuestro pa\u00eds. Desde 1988, han ofrecido presentaciones memorables como el oratorio \u00abEl Mes\u00edas\u00bb de Handel y el Oratorio de Navidad de Bach, as\u00ed como programas navide\u00f1os como \u00abUn Ni\u00f1o nos es nacido\u00bb y \u00abAlegres cantemos\u00bb, bajo la direcci\u00f3n siempre inspiradora de su fundadora, la maestra Isabel Palacios.<\/p>\n<p>\u00abCamino a Bel\u00e9n\u00bb te transportar\u00e1 a trav\u00e9s del tiempo y el espacio, desde la remota Edad Media hasta el presente, llev\u00e1ndote por un recorrido musical que abarca desde Alemania, Inglaterra, Italia, Francia, hasta llegar a los Estados Unidos y, por supuesto, culminando en el calor de Venezuela. Ser\u00e1 una traves\u00eda por las melod\u00edas y tradiciones que han marcado la celebraci\u00f3n navide\u00f1a en todo el mundo. Nos pasear\u00e1 por Italia, cuna de una Navidad llena de s\u00edmbolos tan reconocidos como los pesebres y las luces que decoran las calles y por Francia donde escucharemos a los \u00e1ngeles tocando sus gaitas y <em>musettes<\/em> y tambi\u00e9n nos llevar\u00e1 a Espa\u00f1a donde disfrutaremos de sus villancicos tradicionales que recorren su geograf\u00eda.<\/p>\n<p>De Europa, con la Camerata cruzaremos el oc\u00e9ano y llegaremos a los Estados Unidos para deleitarnos con los <em>spirituals<\/em> y las melod\u00edas inmortales que tantas veces hemos escuchado, ya en grandes conciertos o en diminutas cajas de m\u00fasica y, como es de esperarse, este m\u00e1gico viaje finalizar\u00e1 en Venezuela, desde los Andes hasta Ciudad Bol\u00edvar, de oriente a occidente, con esos aguinaldos y gaitas que amamos y nos unen a los recuerdos m\u00e1s bellos. Este evento promete ser m\u00e1s que un concierto; ser\u00e1 una experiencia que despertar\u00e1 tus sentidos y te har\u00e1 vibrar con la esencia misma de la Navidad.<\/p>\n<p>No te pierdas la oportunidad de ser parte de este espect\u00e1culo \u00fanico. \u00a1Reserva tu lugar ahora mismo enviando un correo a <a href=\"mailto:cameratadecaracas@gmail.com\" target=\"_blank\" rel=\"noopener\">cameratadecaracas@gmail.com<\/a> o llamando al 0424 \u2013 258 6197! La sede se encuentra en la Av. Zuloaga, Los Rosales, con estacionamiento gratuito en el Liceo Urbaneja Achelpohl y vigilancia para tu comodidad.<\/p>\n<p>\u00danete a nosotros en este emocionante viaje musical con \u00abCamino a Bel\u00e9n\u00bb. Una oportunidad para vivir la magia de la Navidad a trav\u00e9s de la m\u00fasica. \u00a1Te esperamos para celebrar estas fiestas de una manera verdaderamente memorable!<\/p>\n","protected":false},"excerpt":{"rendered":"<p>La Fundaci\u00f3n Camerata de Caracas se une a Inteligensa para llevarlos a trav\u00e9s de \u00abCamino a Bel\u00e9n\u00ab, un espect\u00e1culo que celebrar\u00e1 la Navidad de una manera extraordinaria. Esta emocionante experiencia se llevar\u00e1 a cabo el s\u00e1bado 9 y domingo 10 de diciembre a las 5:30 pm en la sede de la Camerata de Caracas en [&hellip;]<\/p>\n","protected":false},"author":2,"featured_media":20228,"comment_status":"closed","ping_status":"open","sticky":false,"template":"","format":"standard","meta":[],"categories":[93,146,2],"tags":[10395,9563],"wppr_data":{"cwp_meta_box_check":"No"},"_links":{"self":[{"href":"https:\/\/www.notaoficial.com\/s\/wp-json\/wp\/v2\/posts\/20227"}],"collection":[{"href":"https:\/\/www.notaoficial.com\/s\/wp-json\/wp\/v2\/posts"}],"about":[{"href":"https:\/\/www.notaoficial.com\/s\/wp-json\/wp\/v2\/types\/post"}],"author":[{"embeddable":true,"href":"https:\/\/www.notaoficial.com\/s\/wp-json\/wp\/v2\/users\/2"}],"replies":[{"embeddable":true,"href":"https:\/\/www.notaoficial.com\/s\/wp-json\/wp\/v2\/comments?post=20227"}],"version-history":[{"count":1,"href":"https:\/\/www.notaoficial.com\/s\/wp-json\/wp\/v2\/posts\/20227\/revisions"}],"predecessor-version":[{"id":20229,"href":"https:\/\/www.notaoficial.com\/s\/wp-json\/wp\/v2\/posts\/20227\/revisions\/20229"}],"wp:featuredmedia":[{"embeddable":true,"href":"https:\/\/www.notaoficial.com\/s\/wp-json\/wp\/v2\/media\/20228"}],"wp:attachment":[{"href":"https:\/\/www.notaoficial.com\/s\/wp-json\/wp\/v2\/media?parent=20227"}],"wp:term":[{"taxonomy":"category","embeddable":true,"href":"https:\/\/www.notaoficial.com\/s\/wp-json\/wp\/v2\/categories?post=20227"},{"taxonomy":"post_tag","embeddable":true,"href":"https:\/\/www.notaoficial.com\/s\/wp-json\/wp\/v2\/tags?post=20227"}],"curies":[{"name":"wp","href":"https:\/\/api.w.org\/{rel}","templated":true}]}}