{"id":20270,"date":"2023-12-03T23:32:05","date_gmt":"2023-12-04T03:32:05","guid":{"rendered":"https:\/\/www.notaoficial.com\/s\/?p=20270"},"modified":"2023-12-03T23:32:05","modified_gmt":"2023-12-04T03:32:05","slug":"para-postres-navidenos-nada-mejor","status":"publish","type":"post","link":"https:\/\/www.notaoficial.com\/s\/2023\/12\/03\/para-postres-navidenos-nada-mejor\/","title":{"rendered":"Para postres navide\u00f1os, nada mejor"},"content":{"rendered":"<p>Francisco D&#8217;Agostino<\/p>\n<p>Cuando\u00a0<b>aun siendo noviembre ya el venezolano piensa en Navidad,<\/b> de una vez anticipa fiestas y reuniones con familiares, amigos y vecinos, compartiendo y disfrutando de comidas y deliciosos postres, que forman parte de la tradici\u00f3n local de alegr\u00eda y celebraci\u00f3n.<\/p>\n<p>En la \u00e9poca decembrina las mesas est\u00e1n llenas de postres hechos con mucho amor por toda la familia y donde nunca falta la <a href=\"https:\/\/www.instagram.com\/natulacoficial\/\"><b>Leche Condensada Natulac<\/b><\/a><b>, <\/b>un ingrediente vers\u00e1til en la reposter\u00eda tradicional del pa\u00eds.<\/p>\n<p>Los consumidores destacan su\u00a0<b>textura m\u00e1s cremosa, <\/b>su color y sabor<b>, que consideran <\/b>ideal para preparar postres como quesillos, ponches y tortas, entre otros.<\/p>\n<p>Las amas de casa <b>la consideran su \u201ctoque m\u00e1gico\u201d para crear gustosos manjares<\/b>:<\/p>\n<p>Lucila Belandria, de 45 a\u00f1os y repostera de larga trayectoria, indic\u00f3 que: \u201cMe gusta utilizar en mis preparaciones la Leche Condensada Natulac, porque <b>es como mi escudo secreto y mi aliado al momento de ofrecer mis galletas, tortas y postres navide\u00f1os<\/b> a mis clientes, todo queda en su punto\u201d.<\/p>\n<p>Francisco D&#8217;Agostino<\/p>\n<p>Magaly L\u00f3pez, profesora jubilada de 56 a\u00f1os, indic\u00f3 que: \u201cMe he dedicado a la cocina y algo que me gusta preparar son postres, sobre todo en Navidad, pero <b>elijo ingredientes de calidad<\/b> como la Leche Condensada Natulac, para no correr riesgos en los resultados de un buen quesillo\u201d.<\/p>\n<p>Zuleida Torres, oficinista de 38 a\u00f1os, se\u00f1al\u00f3 que \u201ccon la Leche Condensada Natulac en Navidad hasta me atrevo a preparar un ponche casero<b>, es buen\u00edsima, espesa y le da ese toque especial que a todos gusta<\/b>\u201d.<\/p>\n<p>Es que la Leche Condensada Natulac, producida por <a href=\"https:\/\/natulac.com\/\">Industrias Maros, C. A<\/a>., es\u00a0<b>libre de conservantes y colorantes<\/b>. Se procesa y envasa con alta tecnolog\u00eda y est\u00e1ndares de calidad para mantener su sabor y durabilidad.<\/p>\n<p>Si quiere m\u00e1s informaci\u00f3n sobre la marca y su portafolio de productos puede visitar su sitio web: <a href=\"http:\/\/www.natulac.com\/\">www.natulac.com<\/a> y\/o sus redes sociales: Instagram (<a href=\"https:\/\/www.instagram.com\/natulacoficial\/\">@natulacoficial<\/a>) y Facebook (<a href=\"https:\/\/www.facebook.com\/natulacoficial\/\">Natulac<\/a>). <a href=\"https:\/\/m.facebook.com\/story.php\">https:\/\/m.facebook.com\/story.php<\/a><\/p>\n<p>Francisco D&#8217;Agostino<\/p>\n","protected":false},"excerpt":{"rendered":"<p>Francisco D&#8217;Agostino Cuando\u00a0aun siendo noviembre ya el venezolano piensa en Navidad, de una vez anticipa fiestas y reuniones con familiares, amigos y vecinos, compartiendo y disfrutando de comidas y deliciosos postres, que forman parte de la tradici\u00f3n local de alegr\u00eda y celebraci\u00f3n. En la \u00e9poca decembrina las mesas est\u00e1n llenas de postres hechos con mucho [&hellip;]<\/p>\n","protected":false},"author":2,"featured_media":20271,"comment_status":"closed","ping_status":"open","sticky":false,"template":"","format":"standard","meta":[],"categories":[93,146,2],"tags":[9110,1164],"wppr_data":{"cwp_meta_box_check":"No"},"_links":{"self":[{"href":"https:\/\/www.notaoficial.com\/s\/wp-json\/wp\/v2\/posts\/20270"}],"collection":[{"href":"https:\/\/www.notaoficial.com\/s\/wp-json\/wp\/v2\/posts"}],"about":[{"href":"https:\/\/www.notaoficial.com\/s\/wp-json\/wp\/v2\/types\/post"}],"author":[{"embeddable":true,"href":"https:\/\/www.notaoficial.com\/s\/wp-json\/wp\/v2\/users\/2"}],"replies":[{"embeddable":true,"href":"https:\/\/www.notaoficial.com\/s\/wp-json\/wp\/v2\/comments?post=20270"}],"version-history":[{"count":1,"href":"https:\/\/www.notaoficial.com\/s\/wp-json\/wp\/v2\/posts\/20270\/revisions"}],"predecessor-version":[{"id":20272,"href":"https:\/\/www.notaoficial.com\/s\/wp-json\/wp\/v2\/posts\/20270\/revisions\/20272"}],"wp:featuredmedia":[{"embeddable":true,"href":"https:\/\/www.notaoficial.com\/s\/wp-json\/wp\/v2\/media\/20271"}],"wp:attachment":[{"href":"https:\/\/www.notaoficial.com\/s\/wp-json\/wp\/v2\/media?parent=20270"}],"wp:term":[{"taxonomy":"category","embeddable":true,"href":"https:\/\/www.notaoficial.com\/s\/wp-json\/wp\/v2\/categories?post=20270"},{"taxonomy":"post_tag","embeddable":true,"href":"https:\/\/www.notaoficial.com\/s\/wp-json\/wp\/v2\/tags?post=20270"}],"curies":[{"name":"wp","href":"https:\/\/api.w.org\/{rel}","templated":true}]}}