{"id":2042,"date":"2018-06-22T18:33:42","date_gmt":"2018-06-22T22:33:42","guid":{"rendered":"http:\/\/www.notaoficial.com\/s\/?p=2042"},"modified":"2018-06-22T18:33:42","modified_gmt":"2018-06-22T22:33:42","slug":"excelsior-gama-te-invita-a-su-feria-gastronomica-mundial","status":"publish","type":"post","link":"https:\/\/www.notaoficial.com\/s\/2018\/06\/22\/excelsior-gama-te-invita-a-su-feria-gastronomica-mundial\/","title":{"rendered":"Excelsior Gama te invita a su Feria Gastron\u00f3mica Mundial"},"content":{"rendered":"<p>Los clientes podr\u00e1n disfrutar de la Copa del Mundo de una forma diferente, los s\u00e1bados 23 y 30 de junio y 07 de julio en el Gama Gourmet de 2:00 pm a 7:00 pm<\/p>\n<p>La cadena de supermercados tambi\u00e9n se une a la celebraci\u00f3n del Mundial Rusia 2018 con una explosi\u00f3n de sabores de tres pa\u00edses mundialistas que estar\u00e1n presentes en su Feria Gastron\u00f3mica del Gama Gourmet.<\/p>\n<p>El encuentro de sabor iniciar\u00e1 el 23 de junio en Excelsior Gama Plus Santa Eduvigis, donde la cocina espa\u00f1ola anotar\u00e1 un gol hist\u00f3rico. La comida lusitana har\u00e1 su debut el 30 de junio en la Excelsior Gama Santa Fe, para luego hacerle un pase largo a la exquisita gastronom\u00eda alemana el s\u00e1bado 7 de julio en Excelsior Gama Plus La Trinidad.<\/p>\n<p>El evento contar\u00e1 con la participaci\u00f3n de diversos proveedores aliados, quienes complacer\u00e1n a los clientes con degustaciones de sus productos desde las 2:00 de la tarde hasta las 7:00 de la noche.<\/p>\n<p>\u201cQueremos que esta Feria se convierta en el espacio ideal para compartir y disfrutar de la emoci\u00f3n que representa el Mundial, conociendo adem\u00e1s las diferentes propuestas gastron\u00f3micas que estos pa\u00edses tienen para ofrecernos, las cuales representan una alternativa diferente y los podemos adquirir en nuestro Gama Gourmet para sorprender a la familia con nuevos y exquisitos sabores\u201d, expres\u00f3 Gueisy Mill\u00e1n, Gerente de Mercadeo de Excelsior Gama.<\/p>\n<p>La tem\u00e1tica mundialista tambi\u00e9n est\u00e1 presente en sus redes sociales durante toda la Copa. En ellas se muestran deliciosas combinaciones de recetas seg\u00fan los distintos encuentros que se llevan a cabo d\u00eda a d\u00eda durante la ronda eliminatoria. Asimismo, los usuarios tendr\u00e1n la oportunidad de participar en atractivas din\u00e1micas alusivas al Mundial en las que se reconocer\u00e1 su preferencia.<\/p>\n<p>Mill\u00e1n agreg\u00f3: \u201cNos complace seguir ofreciendo actividades diferenciadoras para el disfrute de toda la familia. La fiesta del Mundial es algo que no pod\u00edamos pasar por alto, pues nuestro pa\u00eds acoge m\u00faltiples culturas y que mejor ocasi\u00f3n que \u00e9sta para darlas a conocer a trav\u00e9s de los diferentes men\u00fas que ofreceremos en Gama Gourmet, como la paella valenciana, espetadas portuguesas o parrilla alemana\u201d.<\/p>\n<p>Tras 49\u00ba a\u00f1os sirviendo en el pa\u00eds, Excelsior Gama contin\u00faa trabajando bajo los valores de excelencia, compromiso, honestidad e innovaci\u00f3n, para ofrecerles a sus clientes productos y servicios que est\u00e9n de acuerdo a las expectativas de nuestros clientes.<\/p>\n","protected":false},"excerpt":{"rendered":"<p>Los clientes podr\u00e1n disfrutar de la Copa del Mundo de una forma diferente, los s\u00e1bados 23 y 30 de junio y 07 de julio en el Gama Gourmet de 2:00 pm a 7:00 pm La cadena de supermercados tambi\u00e9n se une a la celebraci\u00f3n del Mundial Rusia 2018 con una explosi\u00f3n de sabores de tres [&hellip;]<\/p>\n","protected":false},"author":2,"featured_media":2043,"comment_status":"closed","ping_status":"open","sticky":false,"template":"","format":"standard","meta":[],"categories":[93,114],"tags":[116,115,119,117,118,120,95],"wppr_data":[],"_links":{"self":[{"href":"https:\/\/www.notaoficial.com\/s\/wp-json\/wp\/v2\/posts\/2042"}],"collection":[{"href":"https:\/\/www.notaoficial.com\/s\/wp-json\/wp\/v2\/posts"}],"about":[{"href":"https:\/\/www.notaoficial.com\/s\/wp-json\/wp\/v2\/types\/post"}],"author":[{"embeddable":true,"href":"https:\/\/www.notaoficial.com\/s\/wp-json\/wp\/v2\/users\/2"}],"replies":[{"embeddable":true,"href":"https:\/\/www.notaoficial.com\/s\/wp-json\/wp\/v2\/comments?post=2042"}],"version-history":[{"count":1,"href":"https:\/\/www.notaoficial.com\/s\/wp-json\/wp\/v2\/posts\/2042\/revisions"}],"predecessor-version":[{"id":2044,"href":"https:\/\/www.notaoficial.com\/s\/wp-json\/wp\/v2\/posts\/2042\/revisions\/2044"}],"wp:featuredmedia":[{"embeddable":true,"href":"https:\/\/www.notaoficial.com\/s\/wp-json\/wp\/v2\/media\/2043"}],"wp:attachment":[{"href":"https:\/\/www.notaoficial.com\/s\/wp-json\/wp\/v2\/media?parent=2042"}],"wp:term":[{"taxonomy":"category","embeddable":true,"href":"https:\/\/www.notaoficial.com\/s\/wp-json\/wp\/v2\/categories?post=2042"},{"taxonomy":"post_tag","embeddable":true,"href":"https:\/\/www.notaoficial.com\/s\/wp-json\/wp\/v2\/tags?post=2042"}],"curies":[{"name":"wp","href":"https:\/\/api.w.org\/{rel}","templated":true}]}}