{"id":20443,"date":"2023-12-14T23:43:07","date_gmt":"2023-12-15T03:43:07","guid":{"rendered":"https:\/\/www.notaoficial.com\/s\/?p=20443"},"modified":"2023-12-14T23:43:07","modified_gmt":"2023-12-15T03:43:07","slug":"don-perignon-estrena-su-nuevo-tema","status":"publish","type":"post","link":"https:\/\/www.notaoficial.com\/s\/2023\/12\/14\/don-perignon-estrena-su-nuevo-tema\/","title":{"rendered":"Don Perignon estrena su nuevo tema"},"content":{"rendered":"<div class=\"m_1988069938479576289module\" dir=\"ltr\">\n<p align=\"justify\">La Navidad se acerca y <strong>Don Perignon<\/strong> y su Orquesta <strong>La Puertorrique\u00f1a<\/strong>, tienen el regalo perfecto para celebrarla: su nuevo sencillo <strong>\u201cEn Casa E\u2019 Per\u00edn\u201d<\/strong>, una canci\u00f3n que invita a disfrutar de estas fiestas con alegr\u00eda, m\u00fasica y sabor.<\/p>\n<p align=\"justify\"><strong>\u201cEn Casa E\u2019 Per\u00edn\u201d<\/strong> es una composici\u00f3n del cantautor H\u00e9ctor Olmo, con un arreglo festivo de Juan Carlos \u201cJuaco\u201d Cardona, que fusiona los ritmos de la salsa y el aguinaldo. El tema cuenta con la participaci\u00f3n especial de <strong>V\u00edctor Manuelle<\/strong> en el coro, Pedro \u201cJ\u00edbaro Jazz\u201d Guzm\u00e1n en el cuatro, Jes\u00fas Alonso en la trompeta, Sammy V\u00e9lez en el saxof\u00f3n, Carlos Garc\u00eda en el piano y Juan Carlos \u201cJuaco\u201d Cardona en el tromb\u00f3n. Las voces principales est\u00e1n a cargo de Jos\u00e9 Karlo Ribot y Joe Gonz\u00e1lez, dos de los integrantes del tridente vocal de La Puertorrique\u00f1a.<\/p>\n<p align=\"justify\"><strong>\u201cEn Casa E\u2019 Per\u00edn\u201d<\/strong> es una canci\u00f3n que celebra la tradici\u00f3n de las parrandas navide\u00f1as, que se forman en los hogares de Puerto Rico y de su di\u00e1spora. El tema invita a escucharlo a todo volumen, ya sea en casa, en la barra m\u00e1s cercana, en el carro o transporte de su preferencia, en su plataforma preferida de m\u00fasica en formato digital y, por supuesto, en las parrandas que se formar\u00e1n -como cada a\u00f1o- en nuestros hogares.<\/p>\n<p align=\"justify\">Don Perignon &amp; La Puertorrique\u00f1a es una de las orquestas m\u00e1s reconocidas y respetadas de la salsa, con una trayectoria de m\u00e1s de 40 a\u00f1os en la escena musical. Su nuevo sencillo \u201cEn Casa E\u2019 Per\u00edn\u201d es una muestra m\u00e1s de su calidad, versatilidad y compromiso con la cultura puertorrique\u00f1a.<\/p>\n<p align=\"justify\"><strong>\u201cEn Casa E\u2019 Per\u00edn\u201d<\/strong> ya est\u00e1 disponible en todas las plataformas digitales de m\u00fasica. No te pierdas esta joya musical que har\u00e1 de tu Navidad una fiesta inolvidable: <a href=\"https:\/\/email.cloud2.secureclick.net\/c\/2102?id=392510.3028.1.6a32cd368114dded0df7bc8d02d9fbbc\" target=\"_blank\" rel=\"noopener\" data-saferedirecturl=\"https:\/\/www.google.com\/url?q=https:\/\/email.cloud2.secureclick.net\/c\/2102?id%3D392510.3028.1.6a32cd368114dded0df7bc8d02d9fbbc&amp;source=gmail&amp;ust=1702698054752000&amp;usg=AOvVaw31QA2YEWcyC5Lc8ZPbhn7n\">https:\/\/bit.ly\/3SAIh4k<\/a><\/p>\n<\/div>\n","protected":false},"excerpt":{"rendered":"<p>La Navidad se acerca y Don Perignon y su Orquesta La Puertorrique\u00f1a, tienen el regalo perfecto para celebrarla: su nuevo sencillo \u201cEn Casa E\u2019 Per\u00edn\u201d, una canci\u00f3n que invita a disfrutar de estas fiestas con alegr\u00eda, m\u00fasica y sabor. \u201cEn Casa E\u2019 Per\u00edn\u201d es una composici\u00f3n del cantautor H\u00e9ctor Olmo, con un arreglo festivo de [&hellip;]<\/p>\n","protected":false},"author":2,"featured_media":20444,"comment_status":"closed","ping_status":"open","sticky":false,"template":"","format":"standard","meta":[],"categories":[93,463,146],"tags":[1371,381],"wppr_data":{"cwp_meta_box_check":"No"},"_links":{"self":[{"href":"https:\/\/www.notaoficial.com\/s\/wp-json\/wp\/v2\/posts\/20443"}],"collection":[{"href":"https:\/\/www.notaoficial.com\/s\/wp-json\/wp\/v2\/posts"}],"about":[{"href":"https:\/\/www.notaoficial.com\/s\/wp-json\/wp\/v2\/types\/post"}],"author":[{"embeddable":true,"href":"https:\/\/www.notaoficial.com\/s\/wp-json\/wp\/v2\/users\/2"}],"replies":[{"embeddable":true,"href":"https:\/\/www.notaoficial.com\/s\/wp-json\/wp\/v2\/comments?post=20443"}],"version-history":[{"count":1,"href":"https:\/\/www.notaoficial.com\/s\/wp-json\/wp\/v2\/posts\/20443\/revisions"}],"predecessor-version":[{"id":20445,"href":"https:\/\/www.notaoficial.com\/s\/wp-json\/wp\/v2\/posts\/20443\/revisions\/20445"}],"wp:featuredmedia":[{"embeddable":true,"href":"https:\/\/www.notaoficial.com\/s\/wp-json\/wp\/v2\/media\/20444"}],"wp:attachment":[{"href":"https:\/\/www.notaoficial.com\/s\/wp-json\/wp\/v2\/media?parent=20443"}],"wp:term":[{"taxonomy":"category","embeddable":true,"href":"https:\/\/www.notaoficial.com\/s\/wp-json\/wp\/v2\/categories?post=20443"},{"taxonomy":"post_tag","embeddable":true,"href":"https:\/\/www.notaoficial.com\/s\/wp-json\/wp\/v2\/tags?post=20443"}],"curies":[{"name":"wp","href":"https:\/\/api.w.org\/{rel}","templated":true}]}}