{"id":2081,"date":"2018-06-26T19:17:53","date_gmt":"2018-06-26T23:17:53","guid":{"rendered":"http:\/\/www.notaoficial.com\/s\/?p=2081"},"modified":"2018-06-26T13:22:23","modified_gmt":"2018-06-26T17:22:23","slug":"giro-ditalia-sera-una-fiesta-de-cultura-italiana-en-caracas","status":"publish","type":"post","link":"https:\/\/www.notaoficial.com\/s\/2018\/06\/26\/giro-ditalia-sera-una-fiesta-de-cultura-italiana-en-caracas\/","title":{"rendered":"Giro d\u00b4Italia ser\u00e1 una fiesta de cultura italiana en Caracas"},"content":{"rendered":"<p>La Embajada de Italia en Venezuela, el Consulado General y el Instituto Italiano de Cultura de Caracas han creado un recorrido apasionante por la cultura del pa\u00eds mediterr\u00e1neo en Caracas. \u201cGiro d\u2019Italia en Venezuela\u201d es el nombre de la ruta que invita al p\u00fablico a pedalear por un camino repleto de ganancias.<\/p>\n<p>La Prima Tappa, que comenzar\u00e1 el 23 de junio y finalizar\u00e1 el 7 de julio en Caracas, de esta \u201cVuelta a Italia\u201d, contar\u00e1 con una cuidada programaci\u00f3n que incluir\u00e1 puntos clave como el cine, con un ciclo de Sergio Leone, y la celebraci\u00f3n de los setenta a\u00f1os de \u201cLadr\u00f3n de Bicicletas\u201d; las composiciones de Rossini y la m\u00fasica pop del Festival de San Remo, del mismo modo que los bailes folcl\u00f3ricos, la arquitectura, fotograf\u00eda y la literatura del Dante. Junto a estas manifestaciones se har\u00e1 del conocimiento p\u00fablico los proyectos de intercambio cultural que la embajada de Italia desarrolla en Venezuela, as\u00ed como de la importancia del intercambio comercial. Tendr\u00e1 continuidad la celebraci\u00f3n de los setenta a\u00f1os de la COSTITUZIONE DELLA REPUBBLICA ITALIANA.<\/p>\n<p>Para la realizaci\u00f3n del Giro d\u2019Italia en Venezuela la embajada de Italia y el Instituto de cultura italiana cuentan con aliados locales extraordinarios: la C\u00e1mara Venezolana-Italiana (CAVENIT), el Instituto de Estudios Superiores de Administraci\u00f3n (IESA), la Universidad Central de Venezuela (UCV), la alcald\u00eda del Municipio Chacao, el Sistema Nacional de Orquestas y Coros Juveniles, las editoriales El Estilete y Fundavag, la Librer\u00eda Lugar Com\u00fan, Trasnocho Cultural, La Poeteca, Docomomo y la Misi\u00f3n Cat\u00f3lica Italiana.<\/p>\n<p>En palabras del embajador de Italia en Venezuela, Silvio Mignano \u00abEl Giro d\u2019Italia en Venezuela es un evento \u00fanico propio de la cultura italiana, el m\u00e1s importante del a\u00f1o, con el cual queremos colocar a Caracas como vitrina de las m\u00faltiples actividades que se realizar\u00e1n en estos d\u00edas, en una agenda muy extensa y variada. Creo que nunca se ha realizado nada parecido\u201d.<\/p>\n<p>Las actividades comenzar\u00e1n el s\u00e1bado 23 de junio a las 9:00 de la ma\u00f1ana con el Docomomo tour por la Avenida Victoria, en el que se podr\u00e1 apreciar la influencia de la arquitectura italiana en Caracas, en los edificios concebidos y construidos por arquitectos italianos. M\u00e1s tarde, a las 5:00 pm, en la Sala Cabrujas de Chacao, se inaugurar\u00e1 el ciclo de cine de Sergio Leone, con el film \u201cPor un pu\u00f1ado de d\u00f3lares\u201d con una breve introducci\u00f3n que estar\u00e1 a cargo del escritor Roberto Echeto y a las 6:30 pm, la residencia del embajador de Italia en Venezuela abrir\u00e1 sus puertas para una elegante Gala inaugural: una velada musical con el Mozarteum, con la exquisita selecci\u00f3n de Jaime Bello Le\u00f3n, un brindis de honor y el llamamiento de la tercera edici\u00f3n del Premio de Poes\u00eda Lugar Com\u00fan-Embajada de Italia.<\/p>\n<p>El domingo 24, a las 10:00 de la ma\u00f1ana, se oficiar\u00e1 una misa en la Iglesia Nuestra Se\u00f1ora de Pompei; a las 3.00 pm continuaremos en el Teatro Santa Fe con el Concierto Selecci\u00f3n de San Remo (revista musical con selecci\u00f3n de las mejores piezas del aclamado festival). El d\u00eda finalizar\u00e1 con \u201cLa muerte tiene un precio\u201d, a las 5:00, en la Sala Cabrujas de Chacao.<\/p>\n<p>El lunes 25, a las 10:00 am, en el IESA en San Bernardino, se presentar\u00e1 la charla \u201cLa italianidad en los negocios: creatividad, resiliencia y legado\u201d con la intervenci\u00f3n de acad\u00e9micos, economistas, empresarios y la C\u00e1mara de Comercio Venezolano-Italiana (Cavenit). A las 5:00 pm, en la Sala Cabrujas de Chacao, continuar\u00e1 el ciclo de cine de Sergio Leone con la proyecci\u00f3n de \u201cLa muerte tiene un precio\u201d y cerrar\u00e1 a las 8:00 pm, en la sala de Trasnocho Cultural, con la comedia dram\u00e1tica \u201cPerfetti Sconosciuti\u201d, dirigida por Paolo Genovese.<\/p>\n<p>El martes 26 de junio, iniciaremos con una charla a las 9:30 am sobre \u201cLos 70 a\u00f1os de la Constituci\u00f3n Italiana\u201d en la Facultad de Ciencias Econ\u00f3micas y Sociales de la Universidad Central de Venezuela. La ruta contin\u00faa a las 5:00 de la tarde en la Plaza de Los Palos Grandes con una lectura colectiva de la Divina Comedia de Dante Alighieri y ceraremos con un peque\u00f1o concierto en homenaje a Evio Di Marzo.<\/p>\n<p>El mi\u00e9rcoles 27, a las 12 del mediod\u00eda, se realizar\u00e1 una acci\u00f3n social en la Misi\u00f3n Cat\u00f3lica Italiana denominada \u201cUn pranzo italiano\u201d, se trata de la celebraci\u00f3n de un almuerzo para cientos de personas, con m\u00fasica y juegos. Continuamos a las 4:30 con \u201cIl camion d\u2019opera\u201d, un veh\u00edculo que se desplazar\u00e1 con m\u00fasicos a bordo tocando piezas cl\u00e1sicas italianas. A las 6:00 de la tarde, en la Plaza Bol\u00edvar de Chacao, se dar\u00e1 la conferencia \u201cLos 70 a\u00f1os del Ladr\u00f3n de Bicicletas\u201d, seguido a las 7:00 pm por la proyecci\u00f3n del cl\u00e1sico neorrealista italiano del director Vittorio de Sica.<\/p>\n<p>El jueves 28 de junio a las 5:00 pm contin\u00faa el ciclo de cine de Sergio Leone en la Sala Cabrujas de Chacao, con el film \u201cEl bueno, el bruto y el malo\u201d y las 6:00 se realizar\u00e1, en La Poeteca de Las Mercedes, la lectura del libro Mezzogiorno en Venezuela (El Estilete, 20016), velada que terminar\u00e1 con donaci\u00f3n de libros del Fondo Italiano de la editorial El Estilete.<\/p>\n<p>El viernes 29, a las 6:00 pm, en la residencia del Embajador de Italia, se presentar\u00e1 un \u201cTalk Show\u201d con Caterina Valentino, en el que entrevistar\u00e1 a personalidades italo-venezolanas. Participar\u00e1n personalidades de varios \u00e1mbitos de la sociedad venezolana vinculadas con Italia y se exhibir\u00e1 el gran grupo folcl\u00f3rico italiano Arlecchino, con tarantellas y otras danzas italianas y asombrosos vestuarios de escena.<\/p>\n<p>Las actividades contin\u00faan el s\u00e1bado 30 de junio, a las 11:00 am, en la Biblioteca de Los Palos Grandes, con la presentaci\u00f3n de libros del fondo editorial de la Fundaci\u00f3n Rosa y Giuseppe Vagnoni (FUNDAVAG). Seguir\u00e1 las 4:00 con una gala musical en honor a Gioacchino Rossini en la sede del Centro de Acci\u00f3n Social para la M\u00fasica (CNASPM). Continuar\u00e1 la jornada a las 5:00, en la Sala Cabrujas de Los Palos Grandes, con el ciclo de Sergio Leone y la pel\u00edcula \u201c\u00c9rase una vez en el oeste\u201d. Concluir\u00e1 la jornada a las 7:00 pm, en la Plaza Los Palos Grandes, con una \u201cClase Magistral de \u00f3pera\u201d a cargo del profesor Jaime Bello Le\u00f3n.<\/p>\n<p>El domingo 1\u00ba de julio, a las 10.00 am, se dar\u00e1 la charla \u201cLa importancia de Italia en Venezuela\u201d en la Quinta Anauco, con la participaci\u00f3n de El\u00edas Pino Iturrieta, Carlos Sandoval y Adriana Gibbs. A las 11.30 am, habr\u00e1 concierto en la Fundaci\u00f3n Mozarteum. A las 3.30 pm, ser\u00e1 la inauguraci\u00f3n de la Exposici\u00f3n Fotogr\u00e1fica de Graziano Bartolini sobre \u201cArquitectura italiana en Venezuela\u201d, en la Plaza Los Palos Grandes. Esa misma tarde, en la misma plaza, se estar\u00e1 presentando, a las 3: 30 pm y a las 5: 00 pm, el Grupo Arlequ\u00edn, con los bailes tradicionales italianos y sus estupendos atuendos. A las 4.30 pm, igualmente en la Plaza Los Palos Grandes, se realizar\u00e1 una conferencia sobre el libro \u201cLa arquitectura italiana en Venezuela\u201d, con Hannia G\u00f3mez.<\/p>\n<p>El lunes 2 de julio se presentar\u00e1 una \u201cConferencia magistral sobre La Divina Comedia\u201d, a las 3:30pm, en la Escuela de Artes de la Universidad Central de Venezuela, a cargo del embajador Silvio Mignano.<\/p>\n<p>Finaliza el Giro d\u2019Italia en Venezuela el 7 de julio con la presentaci\u00f3n de \u201cHumor de Italia\u201d en la sede de la Escuela del Teatro Musical de Petare, en el casco hist\u00f3rico, con la conducci\u00f3n de Claudio Nazoa.<\/p>\n","protected":false},"excerpt":{"rendered":"<p>La Embajada de Italia en Venezuela, el Consulado General y el Instituto Italiano de Cultura de Caracas han creado un recorrido apasionante por la cultura del pa\u00eds mediterr\u00e1neo en Caracas. \u201cGiro d\u2019Italia en Venezuela\u201d es el nombre de la ruta que invita al p\u00fablico a pedalear por un camino repleto de ganancias. La Prima Tappa, [&hellip;]<\/p>\n","protected":false},"author":2,"featured_media":2082,"comment_status":"closed","ping_status":"open","sticky":false,"template":"","format":"standard","meta":[],"categories":[226,140,2],"tags":[49,177,228,233,243,238,227,230,236,229,237,240,244,242,231,239,234,241,235,15,232],"wppr_data":[],"_links":{"self":[{"href":"https:\/\/www.notaoficial.com\/s\/wp-json\/wp\/v2\/posts\/2081"}],"collection":[{"href":"https:\/\/www.notaoficial.com\/s\/wp-json\/wp\/v2\/posts"}],"about":[{"href":"https:\/\/www.notaoficial.com\/s\/wp-json\/wp\/v2\/types\/post"}],"author":[{"embeddable":true,"href":"https:\/\/www.notaoficial.com\/s\/wp-json\/wp\/v2\/users\/2"}],"replies":[{"embeddable":true,"href":"https:\/\/www.notaoficial.com\/s\/wp-json\/wp\/v2\/comments?post=2081"}],"version-history":[{"count":1,"href":"https:\/\/www.notaoficial.com\/s\/wp-json\/wp\/v2\/posts\/2081\/revisions"}],"predecessor-version":[{"id":2083,"href":"https:\/\/www.notaoficial.com\/s\/wp-json\/wp\/v2\/posts\/2081\/revisions\/2083"}],"wp:featuredmedia":[{"embeddable":true,"href":"https:\/\/www.notaoficial.com\/s\/wp-json\/wp\/v2\/media\/2082"}],"wp:attachment":[{"href":"https:\/\/www.notaoficial.com\/s\/wp-json\/wp\/v2\/media?parent=2081"}],"wp:term":[{"taxonomy":"category","embeddable":true,"href":"https:\/\/www.notaoficial.com\/s\/wp-json\/wp\/v2\/categories?post=2081"},{"taxonomy":"post_tag","embeddable":true,"href":"https:\/\/www.notaoficial.com\/s\/wp-json\/wp\/v2\/tags?post=2081"}],"curies":[{"name":"wp","href":"https:\/\/api.w.org\/{rel}","templated":true}]}}