{"id":2084,"date":"2018-06-26T21:22:48","date_gmt":"2018-06-27T01:22:48","guid":{"rendered":"http:\/\/www.notaoficial.com\/s\/?p=2084"},"modified":"2018-06-26T13:26:19","modified_gmt":"2018-06-26T17:26:19","slug":"cuentos-bajo-la-sombra","status":"publish","type":"post","link":"https:\/\/www.notaoficial.com\/s\/2018\/06\/26\/cuentos-bajo-la-sombra\/","title":{"rendered":"Cuentos bajo la sombra"},"content":{"rendered":"<p>A partir del s\u00e1bado 30 de junio y hasta el 25 de agosto de 2018<strong>,<\/strong> Imago Art In Action inaugurar\u00e1 en Miami conjuntamente con Ediciones Ekar\u00e9, una exposici\u00f3n en torno a la ilustraci\u00f3n y los libros \u00e1lbum, titulada <strong>\u201cCuentos bajo la sombra\u201d<\/strong>, que re\u00fane reproducciones de ilustraciones de artistas de varios pa\u00edses junto con los libros donde originalmente fueron publicadas, en un hermoso espacio l\u00fadico que invita a todos los miembros de la familia a disfrutar de los libros y el arte.<\/p>\n<p>La inauguraci\u00f3n de la muestra tendr\u00e1 lugar el s\u00e1bado 30 de junio a las 11 am en la galer\u00eda del centro cultural Imago Art in Action, y contar\u00e1 con palabras del comunicador social Eli Bravo y del actor Leonardo van Scherbeek, as\u00ed como tambi\u00e9n, con la musicalizaci\u00f3n de los poemas del libro \u201cTaquitit\u00e1n de poemas\u201d, a cargo del m\u00fasico y pedagogo Alberto Mata. Luego de recorrer la exposici\u00f3n se ofrecer\u00e1 un taller con la dise\u00f1adora Alejandra Valera en torno al libro \u201cTangram Gato\u201d, adem\u00e1s de juegos, actividades y dulces para celebrar.<\/p>\n<p>Algunas de las ilustraciones exhibidas forman parte de reconocidos libros como \u201cNi\u00f1a Bonita\u201d de Ana Mar<strong>\u00ed<\/strong>a Machado (Brasil), ilustraciones de Rosana Far\u00eda (Venezuela); \u201cMargarita\u201d de Rub\u00e9n Dario (Nicaragua), ilustraciones de Monika Doppert (Alemania), \u201cChumbala Cachumba\u201d ilustraciones de Carlos Cotte (Venezuela\/Miami); \u201cConcierto para escalera y orquesta\u201d de Antonio Orlando Rodr\u00edguez (Cuba\/Miami), ilustraciones Carole Henaff (Espa\u00f1a); \u201c\u00c1rboles\u201d de Lemniscates (Espa\u00f1a); \u201cEl Perro del Cerro y la Rana de la Sabana\u201d de Ana Mar\u00eda Machado (Brasil), ilustraciones de Peli (Chile\/Venezuela), entre otros.<\/p>\n<p>La exposici\u00f3n <strong>\u201cCuentos bajo la sombra\u201d<\/strong> estar\u00e1 abierta al p\u00fablico del 30 de junio al 25 de agosto de 2018 en la sede de Imago Art in Action, ubicada en 165 Majorca Avenue, Coral Gables, Florida, Estados Unidos; en horario de lunes a viernes de 10 am a 6 pm, y s\u00e1bados de 10 am a 2 pm. La entrada es libre.<\/p>\n","protected":false},"excerpt":{"rendered":"<p>A partir del s\u00e1bado 30 de junio y hasta el 25 de agosto de 2018, Imago Art In Action inaugurar\u00e1 en Miami conjuntamente con Ediciones Ekar\u00e9, una exposici\u00f3n en torno a la ilustraci\u00f3n y los libros \u00e1lbum, titulada \u201cCuentos bajo la sombra\u201d, que re\u00fane reproducciones de ilustraciones de artistas de varios pa\u00edses junto con los [&hellip;]<\/p>\n","protected":false},"author":2,"featured_media":2085,"comment_status":"closed","ping_status":"open","sticky":false,"template":"","format":"standard","meta":[],"categories":[245,146,158],"tags":[252,257,209,253,173,246,248,251,256,255,254,247,250,249,171,15],"wppr_data":[],"_links":{"self":[{"href":"https:\/\/www.notaoficial.com\/s\/wp-json\/wp\/v2\/posts\/2084"}],"collection":[{"href":"https:\/\/www.notaoficial.com\/s\/wp-json\/wp\/v2\/posts"}],"about":[{"href":"https:\/\/www.notaoficial.com\/s\/wp-json\/wp\/v2\/types\/post"}],"author":[{"embeddable":true,"href":"https:\/\/www.notaoficial.com\/s\/wp-json\/wp\/v2\/users\/2"}],"replies":[{"embeddable":true,"href":"https:\/\/www.notaoficial.com\/s\/wp-json\/wp\/v2\/comments?post=2084"}],"version-history":[{"count":1,"href":"https:\/\/www.notaoficial.com\/s\/wp-json\/wp\/v2\/posts\/2084\/revisions"}],"predecessor-version":[{"id":2086,"href":"https:\/\/www.notaoficial.com\/s\/wp-json\/wp\/v2\/posts\/2084\/revisions\/2086"}],"wp:featuredmedia":[{"embeddable":true,"href":"https:\/\/www.notaoficial.com\/s\/wp-json\/wp\/v2\/media\/2085"}],"wp:attachment":[{"href":"https:\/\/www.notaoficial.com\/s\/wp-json\/wp\/v2\/media?parent=2084"}],"wp:term":[{"taxonomy":"category","embeddable":true,"href":"https:\/\/www.notaoficial.com\/s\/wp-json\/wp\/v2\/categories?post=2084"},{"taxonomy":"post_tag","embeddable":true,"href":"https:\/\/www.notaoficial.com\/s\/wp-json\/wp\/v2\/tags?post=2084"}],"curies":[{"name":"wp","href":"https:\/\/api.w.org\/{rel}","templated":true}]}}