{"id":20876,"date":"2024-01-13T01:05:55","date_gmt":"2024-01-13T05:05:55","guid":{"rendered":"https:\/\/www.notaoficial.com\/s\/?p=20876"},"modified":"2024-01-13T01:05:55","modified_gmt":"2024-01-13T05:05:55","slug":"gonza-y-raul-clyde-presentan-el-sencillo-kit-kat","status":"publish","type":"post","link":"https:\/\/www.notaoficial.com\/s\/2024\/01\/13\/gonza-y-raul-clyde-presentan-el-sencillo-kit-kat\/","title":{"rendered":"Gonza y Ra\u00fal Clyde presentan el sencillo \u00abKit Kat\u00bb"},"content":{"rendered":"<p>En un destacado comienzo de a\u00f1o, el artista puertorrique\u00f1o Gonza y el int\u00e9rprete urbano espa\u00f1ol Ra\u00fal Clyde, unen fuerzas en el lanzamiento de \u00abKit Kat\u00bb, marcando as\u00ed el primer lanzamiento de Gonza del a\u00f1o y prometiendo ser una pieza destacada en la escena musical urbana internacional.<\/p>\n<p>Este nuevo sencillo, que se lanza bajo el renombrado sello de AP Global Music, es una obra producida por Carlos Mej\u00eda, conocido en la industria como \u00abCame Beats\u00bb. La colaboraci\u00f3n entre Gonza y Ra\u00fal Clyde en la composici\u00f3n garantiza un sello de autenticidad y frescura en \u00abKit Kat\u00bb.<\/p>\n<p>El lanzamiento de \u00abKit Kat\u00bb se acompa\u00f1a de un video musical cautivador, en el que se destacan las actuaciones llenas de energ\u00eda de ambos artistas. Grabado en la ciudad de Miami y bajo la direcci\u00f3n de Gustavo Camacho, el video busca capturar y transmitir la esencia y el ritmo del sencillo a trav\u00e9s de una narrativa sensual.<\/p>\n<p>Gonza es una figura prominente en la nueva ola de la m\u00fasica urbana, destac\u00e1ndose por su capacidad de narrar historias a trav\u00e9s de su m\u00fasica y su pasi\u00f3n por el arte, influenciada desde su infancia.<\/p>\n<p>Con \u00abKit Kat\u00bb, Gonza y Ra\u00fal Clyde se preparan para liderar las listas de \u00e9xitos y captar la atenci\u00f3n de la audiencia global. Este lanzamiento no solo destaca el compromiso de AP Global Music con la promoci\u00f3n de la m\u00fasica innovadora y de calidad, sino que tambi\u00e9n subraya la habilidad y talento de estos artistas en la industria musical urbana.<\/p>\n<p>El sencillo \u00abKit Kat\u00bb est\u00e1 ya disponible en todas las plataformas digitales, listo para que el p\u00fablico disfrute de su ritmo y estilo \u00fanicos.\u00a0\u00a0<span style=\"color: #888888;\"><br clear=\"all\" \/><\/span><\/p>\n","protected":false},"excerpt":{"rendered":"<p>En un destacado comienzo de a\u00f1o, el artista puertorrique\u00f1o Gonza y el int\u00e9rprete urbano espa\u00f1ol Ra\u00fal Clyde, unen fuerzas en el lanzamiento de \u00abKit Kat\u00bb, marcando as\u00ed el primer lanzamiento de Gonza del a\u00f1o y prometiendo ser una pieza destacada en la escena musical urbana internacional. Este nuevo sencillo, que se lanza bajo el renombrado [&hellip;]<\/p>\n","protected":false},"author":2,"featured_media":20877,"comment_status":"closed","ping_status":"open","sticky":false,"template":"","format":"standard","meta":[],"categories":[93,146,2],"tags":[1371,381],"wppr_data":{"cwp_meta_box_check":"No"},"_links":{"self":[{"href":"https:\/\/www.notaoficial.com\/s\/wp-json\/wp\/v2\/posts\/20876"}],"collection":[{"href":"https:\/\/www.notaoficial.com\/s\/wp-json\/wp\/v2\/posts"}],"about":[{"href":"https:\/\/www.notaoficial.com\/s\/wp-json\/wp\/v2\/types\/post"}],"author":[{"embeddable":true,"href":"https:\/\/www.notaoficial.com\/s\/wp-json\/wp\/v2\/users\/2"}],"replies":[{"embeddable":true,"href":"https:\/\/www.notaoficial.com\/s\/wp-json\/wp\/v2\/comments?post=20876"}],"version-history":[{"count":1,"href":"https:\/\/www.notaoficial.com\/s\/wp-json\/wp\/v2\/posts\/20876\/revisions"}],"predecessor-version":[{"id":20878,"href":"https:\/\/www.notaoficial.com\/s\/wp-json\/wp\/v2\/posts\/20876\/revisions\/20878"}],"wp:featuredmedia":[{"embeddable":true,"href":"https:\/\/www.notaoficial.com\/s\/wp-json\/wp\/v2\/media\/20877"}],"wp:attachment":[{"href":"https:\/\/www.notaoficial.com\/s\/wp-json\/wp\/v2\/media?parent=20876"}],"wp:term":[{"taxonomy":"category","embeddable":true,"href":"https:\/\/www.notaoficial.com\/s\/wp-json\/wp\/v2\/categories?post=20876"},{"taxonomy":"post_tag","embeddable":true,"href":"https:\/\/www.notaoficial.com\/s\/wp-json\/wp\/v2\/tags?post=20876"}],"curies":[{"name":"wp","href":"https:\/\/api.w.org\/{rel}","templated":true}]}}